{"id":715,"date":"2008-12-10T12:19:52","date_gmt":"2008-12-10T15:19:52","guid":{"rendered":"http:\/\/nalu.in\/715"},"modified":"2008-12-10T12:19:52","modified_gmt":"2008-12-10T15:19:52","slug":"que-venha-2009","status":"publish","type":"post","link":"https:\/\/nalua.in\/blog\/que-venha-2009\/","title":{"rendered":"que venha 2009"},"content":{"rendered":"<p style=\"TEXT-ALIGN: center\"><em><strong><img loading=\"lazy\" decoding=\"async\" style=\"display: inline; float: left; margin-bottom: 5px; margin-left: 0px; width: 300px; margin-right: 5px; height: 290px;\" src=\"http:\/\/nalu.blog.br\/imagens\/leveza\/rainp.jpg\" alt=\"\" width=\"300\" height=\"290\" \/>&#8220;Mas tenho medo do que \u00e9 novo e tenho medo de viver o que n\u00e3o entendo &#8211; quero sempre ter a garantia de pelo menos estar pensando que entendo, n\u00e3o sei me entregar \u00ed\u00a0 desorienta\u00e7\u00e3o.&#8221;<\/strong><br \/>\n<\/em>\n<\/p>\n<p style=\"TEXT-ALIGN: center\"><span style=\"FONT-SIZE: 0.75em\">Clarice Lispector &#8211; A Paix\u00e3o segundo GH.<br \/>\nDeixei a\u00ed\u00ad embaixo que \u00e9 pra vcs darem uma olhada.<\/span><br \/>\n<span style=\"FONT-SIZE: 0.75em\">\u00c9 um dos meus livros preferidos, mesmo que eu n\u00e3o tenha lido.<\/span>\n<\/p>\n<p style=\"TEXT-ALIGN: center\">=====<\/p>\n<p style=\"TEXT-ALIGN: justify\">2009 chega hoje pra mim. Estou de f\u00e9rias! Depois de um ano pesado, cinzento e meio amargo. Nada aconteceu de cat\u00e1str\u00f3fico, ningu\u00e9m morreu, eu realizei um dos maiores sonhos da minha vida, mas mesmo assim o gosto dele \u00e9 de chumbo e a cor \u00e9 cinza. Eu perdi um pouco a f\u00e9 na vida e nas pessoas. Aprendi uma li\u00e7\u00e3o dura de que amor s\u00f3 n\u00e3o basta pra gente ter perto quem a gente ama. Aprendi o quanto nossas limita\u00e7\u00f5es s\u00e3o decisivas pra afastar ou manter perto as pessoas.<\/p>\n<p style=\"TEXT-ALIGN: justify\">Eu perdi uma grande amiga de maneira meio est\u00fapida, mas inevit\u00e1vel. Nossas limita\u00e7\u00f5es acabaram ficando incompat\u00ed\u00adveis e n\u00e3o deu mais pra conviver. E isso me custou bastante em termos emocionais, porque eu achava que essa amizade era pra sempre, mas sempre acaba mesmo n\u00e9? E o mais triste \u00e9 que nada de concreto aconteceu, ningu\u00e9m sacaneou ninguem, n\u00e3o houve briga nem discuss\u00e3o, ningu\u00e9m fez efetivamente nada. Mas o desgaste foi muito grande e de repente acabou. D\u00f3i ainda muito, mas \u00e9 a vida.<\/p>\n<p style=\"TEXT-ALIGN: justify\">E agora no final do ano outro fim de relacionamento que eu botei um ponto final pq tava me prejudicando j\u00e1. E \u00e9 bola pra frente, mas \u00e9 algu\u00e9m de quem eu tamb\u00e9m vou sentir uma certa falta, convivi com ela muito de perto por alguns anos.<\/p>\n<p style=\"TEXT-ALIGN: justify\">Ent\u00e3o foi a sensa\u00e7\u00e3o do ano, em retrospectiva: a de faltas e de perdas meio amargas, perdas daquelas que a gente sofre muito por incompet\u00eancia. E sensa\u00e7\u00e3o forte de incompet\u00eancia, foi um ano meio morto na \u00e1rea de conquistas, eu n\u00e3o fiz quase nada, me sinto meio fracassada.<\/p>\n<p style=\"TEXT-ALIGN: justify\">Mas j\u00e1 passou, eu j\u00e1 estou em 2009, ou quase e o ano novo quero que seja diferente, como sempre queremos n\u00e9? \u00c9 bom se iludir que vai ser diferente, melhor.<\/p>\n<p style=\"TEXT-ALIGN: justify\">Na verdade esse \u00e9 um post que deveria ser n\u00e3o-escrito, mas tem o compromisso de vir aqui n\u00e9? Que eu estou honrando.<\/p>\n<p style=\"TEXT-ALIGN: center\">=====<\/p>\n<p style=\"TEXT-ALIGN: justify\">Figura <a href=\"http:\/\/aritistamuvek.blogspot.com\/\" target=\"_blank\" rel=\"noopener\">daqui<\/a>, licen\u00e7a creative commons<\/p>\n<p style=\"TEXT-ALIGN: justify\"><a href=\"http:\/\/www.scribd.com\/doc\/8774873\/A-paixao-Segundo-GH-Clarice-Lispector\" target=\"_blank\" rel=\"noopener\">Leia o livro aqui<\/a><\/p>\n","protected":false},"excerpt":{"rendered":"<p>&#8220;Mas tenho medo do que \u00e9 novo e tenho medo de viver o que n\u00e3o entendo &#8211; quero sempre ter a garantia de pelo menos estar pensando que entendo, n\u00e3o sei me entregar \u00ed\u00a0 desorienta\u00e7\u00e3o.&#8221; Clarice Lispector &#8211; A Paix\u00e3o segundo GH. Deixei a\u00ed\u00ad embaixo que \u00e9 pra vcs darem uma olhada. \u00c9 um dos &hellip; <a href=\"https:\/\/nalua.in\/blog\/que-venha-2009\/\" class=\"more-link\">Continuar lendo <span class=\"screen-reader-text\">que venha 2009<\/span><\/a><\/p>\n","protected":false},"author":1,"featured_media":0,"comment_status":"open","ping_status":"open","sticky":false,"template":"","format":"standard","meta":{"footnotes":""},"categories":[20],"tags":[],"class_list":["post-715","post","type-post","status-publish","format-standard","hentry","category-divagando"],"_links":{"self":[{"href":"https:\/\/nalua.in\/blog\/wp-json\/wp\/v2\/posts\/715","targetHints":{"allow":["GET"]}}],"collection":[{"href":"https:\/\/nalua.in\/blog\/wp-json\/wp\/v2\/posts"}],"about":[{"href":"https:\/\/nalua.in\/blog\/wp-json\/wp\/v2\/types\/post"}],"author":[{"embeddable":true,"href":"https:\/\/nalua.in\/blog\/wp-json\/wp\/v2\/users\/1"}],"replies":[{"embeddable":true,"href":"https:\/\/nalua.in\/blog\/wp-json\/wp\/v2\/comments?post=715"}],"version-history":[{"count":0,"href":"https:\/\/nalua.in\/blog\/wp-json\/wp\/v2\/posts\/715\/revisions"}],"wp:attachment":[{"href":"https:\/\/nalua.in\/blog\/wp-json\/wp\/v2\/media?parent=715"}],"wp:term":[{"taxonomy":"category","embeddable":true,"href":"https:\/\/nalua.in\/blog\/wp-json\/wp\/v2\/categories?post=715"},{"taxonomy":"post_tag","embeddable":true,"href":"https:\/\/nalua.in\/blog\/wp-json\/wp\/v2\/tags?post=715"}],"curies":[{"name":"wp","href":"https:\/\/api.w.org\/{rel}","templated":true}]}}