{"id":711,"date":"2010-09-19T23:56:05","date_gmt":"2010-09-20T01:56:05","guid":{"rendered":"http:\/\/levezadoser.blog.br\/?p=711"},"modified":"2010-09-19T23:56:05","modified_gmt":"2010-09-20T01:56:05","slug":"precisa-que-haja","status":"publish","type":"post","link":"https:\/\/nalua.in\/blog\/precisa-que-haja\/","title":{"rendered":"Precisa que haja vento sem parar"},"content":{"rendered":"<p style=\"text-align: center;\"><strong><em><br \/>\nQuem vir\u00e1 ao meu encontro<br \/>\nna rua que cruza com a minha?<\/em><\/strong><\/p>\n<p style=\"text-align: center;\"><strong><em> \u00ed\u201angulos do acaso, encruzilhadas do tempo, cotovelos do espa\u00e7o, face a face com o in\u00e9dito, sustos com o irreconhec\u00ed\u00advel, encontros com o imprevisto:<br \/>\nesquinas do mundo.<\/em><\/strong><\/p>\n<p style=\"text-align: center;\"><strong><em> A vida mora nas esquinas.<\/em><\/strong><\/p>\n<p style=\"text-align: center;\">\n<p style=\"text-align: center;\"><em>Guilherme de Almeida<\/em><\/p>\n<p style=\"text-align: center;\">=====<em><br \/>\n<\/em><\/p>\n<p style=\"text-align: justify;\">Um post por semana \u00e9 dose. Queria postar mais, queria prestar mais aten\u00e7\u00e3o nisso,e no emgrecimento mas n\u00e3o tenho conseguido, o tempo anda curto como nunca na minha vida. Talvez seja um beb\u00ea em casa, talvez n\u00e3o, n\u00e3o sei exatamente. Estou dispersa e muito distra\u00ed\u00adda, o tempo passa e eu percebo que n\u00e3o fiz nada\u00c2\u00a0 e que passo \u00ed\u00a0s vezes inutilmente.<\/p>\n<p style=\"text-align: justify;\">Parei com as mentaliza\u00e7\u00f5es e o resultado foi meio-amargo, + 600 gramas. Aqui em casa todos pegamos uma virose, estamos todos meio doentes.<\/p>\n<p style=\"text-align: justify;\">Eu n\u00e3o estou conseguindo pensar coerentemente ultimamente. Minha cabe\u00e7a parece um reposit\u00f3rio de informa\u00e7\u00f5es banais e sem sentido, minha cabe\u00e7a est\u00e1 cansada.<\/p>\n<p>Eu tinha voltado a tomar p\u00ed\u00adlula, para tratar os ov\u00e1rios policisticos, mas p\u00ed\u00adlula me faz mal demais da conta, eu fico p\u00e9ssima, eu n\u00e3o sou<br \/>\neu mais. Eu fico agressiva, emburrada, triste demais, ai, um verdadeiro saco. N\u00e3o andava bem, nem um pouco, mas estou melhorando, foi parar com a p\u00ed\u00adlula e 3 dias depois j\u00e1 me sinto bem melhor. Minha pele sofre, eu s\u00f3 fico com a pele minimamente decente se tomar a p\u00ed\u00adlula, mas os efeitos s\u00e3o muito ruins. E incr\u00ed\u00advel, todo tipo de rem\u00e9dio me d\u00e1 efeitos colaterias s\u00e9rios, pesados. Talvez seja algo pra eu trabalhar em alguma terapia. Ou n\u00e3o, vai ver eu s\u00f3 tenho mesmo o organismo mais sens\u00ed\u00advel mesmo e ponto final.<\/p>\n<p style=\"text-align: justify;\"><strong>Preciso <\/strong><em>organizar minha semana, fazer o qi, o m\u00e9todo gabriel, comer linha\u00e7a, ra\u00e7\u00e3o humana, ch\u00e1 branco, ch\u00e1 de hibisco, ch\u00e1 verde, vermelho emarelo, farinha de maracuj\u00e1, farinha de beringela e de feij\u00e3o branco, tomar os florais, tomar p\u00f3len, pensar magro, relaxar, contar pontos, planejar card\u00e1pio, escrever na agenda magra, anotar o que comi, mastigar bem, fazer 6 refei\u00e7\u00f5es, meditar caminhar<\/em>&#8230; Ufa!<br \/>\nEmagreci s\u00f3 de ler a lista rsrsrs<\/p>\n","protected":false},"excerpt":{"rendered":"<p>Quem vir\u00e1 ao meu encontro na rua que cruza com a minha? \u00ed\u201angulos do acaso, encruzilhadas do tempo, cotovelos do espa\u00e7o, face a face com o in\u00e9dito, sustos com o irreconhec\u00ed\u00advel, encontros com o imprevisto: esquinas do mundo. A vida mora nas esquinas. Guilherme de Almeida ===== Um post por semana \u00e9 dose. Queria postar &hellip; <a href=\"https:\/\/nalua.in\/blog\/precisa-que-haja\/\" class=\"more-link\">Continuar lendo <span class=\"screen-reader-text\">Precisa que haja vento sem parar<\/span><\/a><\/p>\n","protected":false},"author":1,"featured_media":0,"comment_status":"open","ping_status":"open","sticky":false,"template":"","format":"standard","meta":{"footnotes":""},"categories":[17],"tags":[],"class_list":["post-711","post","type-post","status-publish","format-standard","hentry","category-cotidiano"],"_links":{"self":[{"href":"https:\/\/nalua.in\/blog\/wp-json\/wp\/v2\/posts\/711","targetHints":{"allow":["GET"]}}],"collection":[{"href":"https:\/\/nalua.in\/blog\/wp-json\/wp\/v2\/posts"}],"about":[{"href":"https:\/\/nalua.in\/blog\/wp-json\/wp\/v2\/types\/post"}],"author":[{"embeddable":true,"href":"https:\/\/nalua.in\/blog\/wp-json\/wp\/v2\/users\/1"}],"replies":[{"embeddable":true,"href":"https:\/\/nalua.in\/blog\/wp-json\/wp\/v2\/comments?post=711"}],"version-history":[{"count":0,"href":"https:\/\/nalua.in\/blog\/wp-json\/wp\/v2\/posts\/711\/revisions"}],"wp:attachment":[{"href":"https:\/\/nalua.in\/blog\/wp-json\/wp\/v2\/media?parent=711"}],"wp:term":[{"taxonomy":"category","embeddable":true,"href":"https:\/\/nalua.in\/blog\/wp-json\/wp\/v2\/categories?post=711"},{"taxonomy":"post_tag","embeddable":true,"href":"https:\/\/nalua.in\/blog\/wp-json\/wp\/v2\/tags?post=711"}],"curies":[{"name":"wp","href":"https:\/\/api.w.org\/{rel}","templated":true}]}}