{"id":662,"date":"2012-03-03T18:19:13","date_gmt":"2012-03-04T00:19:13","guid":{"rendered":"http:\/\/livros.in.blog.br\/?p=662"},"modified":"2012-03-03T18:19:13","modified_gmt":"2012-03-04T00:19:13","slug":"dia-03","status":"publish","type":"post","link":"https:\/\/nalua.in\/blog\/dia-03\/","title":{"rendered":"Dia 03"},"content":{"rendered":"<p style=\"text-align: justify;\"><strong><a href=\"http:\/\/nalu.in\/wp-content\/uploads\/2012\/03\/minhavidamenin.jpg\"><img loading=\"lazy\" decoding=\"async\" class=\"alignleft  wp-image-2315\" src=\"http:\/\/nalu.in\/wp-content\/uploads\/2012\/03\/minhavidamenin-677x1024.jpg\" alt=\"minhavidamenin\" width=\"222\" height=\"336\" \/><\/a>Dia 03 -\u00c2\u00a0O livro favorito da sua inf\u00e2ncia<\/strong><\/p>\n<p style=\"text-align: justify;\"><span style=\"text-decoration: underline;\"><strong>Minha Vida de Menina, Helena Morley.<\/strong><\/span><\/p>\n<p style=\"text-align: justify;\">Eu n\u00e3o me lembro mais como chegou nas minhas m\u00e3os. Mas lembro de ter dez anos e ler tanto, mas tanto, que ele quase se\u00c2\u00a0desmanchou. Posso brincar e dizer que esse livro formou meu car\u00e1ter, de tanto que eu li na inf\u00e2ncia e de tanto que eu gostava dele e me perdia na sua leitura. De como eu sabia peda\u00e7os de cor e salteados. \u00c2\u00a0E at\u00e9 outro dia mesmo eu tinha ele. Acho que foi embora na leva de mais de 200 livros que doei quando me casei, na mudan\u00e7a.<\/p>\n<p style=\"text-align: justify;\">Tinha muita capa mais bonita pra colocar, mas essa \u00e9 quase igual \u00ed\u00a0 capa do que eu tinha, achei melhor.<\/p>\n<p style=\"text-align: justify;\">Autor: MORLEY, HELENA (ALICE DAYRELL CALDEIRA BRANT)<br \/>\nEditora: COMPANHIA DAS LETRAS<br \/>\nAssunto: <!--more-->BIOGRAFIAS\/AUTOBIOGRAFIAS\/DI\u00ed\u0081RIOS\/MEM\u00ed\u201cRIAS\/CARTAS<br \/>\nISBN: 8571647682<br \/>\nISBN-13: 9788571647688<br \/>\nIdioma: portugu\u00eas<br \/>\nEncaderna\u00e7\u00e3o: Brochura<\/p>\n<p style=\"text-align: justify;\">=====<\/p>\n<p style=\"text-align: justify;\"><em>Aclamado por escritores como Carlos Drummond de Andrade e Jo\u00e3o Guimar\u00e3es Rosa, analisado a fundo por cr\u00ed\u00adticos como Roberto Schwarz e Alexandre Eul\u00e1lio, Minha vida de menina \u00e9 o di\u00e1rio de uma garota de prov\u00ed\u00adncia do final do s\u00e9culo XIX. Publicado pela primeira vez em 1942, antecipa a voga das hist\u00f3rias do cotidiano ao tra\u00e7ar um retrato vivo e bem-humorado da vida em Diamantina entre 1893 e 1895. Da estagna\u00e7\u00e3o econ\u00f4mica provocada pelo decl\u00ed\u00adnio da minera\u00e7\u00e3o ao surgimento de in\u00fameras modalidades de trabalho entre a escravid\u00e3o e o regime salarial, a pequena Helena Morley (pseud\u00f4nimo de Alice Dayrell Caldeira Brant) comp\u00f5e um painel multicolorido de um momento hist\u00f3rico singular no Brasil, ao mesmo tempo em que revela as inquieta\u00e7\u00f5es t\u00ed\u00adpicas de uma adolescente.<\/em><\/p>\n<p style=\"text-align: justify;\"><em>Muito mais do que di\u00e1rio de garota de prov\u00ed\u00adncia do final do s\u00e9culo XIX, &#8216;Minha vida de menina&#8217; antecipa a voga das hist\u00f3rias do cotidiano ao tra\u00e7ar um retrato vital e bem-humorado do dia-a-dia em Diamantina entre 1893 e 1895. Publicado pela primeira vez em 1942, o livro \u00e9 um painel multicolorido daquele momento hist\u00f3rico singular no Brasil, com o sabor e a vivacidade de um di\u00e1rio de adolescente.<\/em><\/p>\n<div id=\"-chrome-auto-translate-plugin-dialog\" style=\"opacity: 1 !important; background-image: initial !important; background-attachment: initial !important; background-origin: initial !important; background-clip: initial !important; background-color: transparent !important; position: absolute !important; top: 0; left: 0; overflow-x: visible !important; overflow-y: visible !important; z-index: 999999 !important; text-align: left !important; display: none; background-position: initial initial !important; background-repeat: initial initial !important; padding: 0!important; margin: 0!important;\">\n<div style=\"max-width: 300px !important; color: #fafafa !important; opacity: .8 !important; border-color: #000000!important; border-width: 0!important; -webkit-border-radius: 10px !important; background-color: #363636 !important; font-size: 16px !important; padding: 8px!important; overflow: visible !important; background-image: -webkit-gradient(linear,left top,right bottom,color-stop(0%,#000),color-stop(50%,#363636),color-stop(100%,#000)); z-index: 999999 !important; text-align: left !important;\"><\/div>\n<p><img decoding=\"async\" style=\"position: absolute !important; z-index: -1 !important; right: 1px !important; top: -20px !important; cursor: pointer !important; -webkit-border-radius: 20px; background-color: rgba(200,200,200,0.3) !important; padding: 3px 5px 0!important; margin: 0!important;\" src=\"http:\/\/www.google.com\/uds\/css\/small-logo.png\" alt=\"\" \/>\n<\/div>\n","protected":false},"excerpt":{"rendered":"<p>Dia 03 -\u00c2\u00a0O livro favorito da sua inf\u00e2ncia Minha Vida de Menina, Helena Morley. Eu n\u00e3o me lembro mais como chegou nas minhas m\u00e3os. Mas lembro de ter dez anos e ler tanto, mas tanto, que ele quase se\u00c2\u00a0desmanchou. Posso brincar e dizer que esse livro formou meu car\u00e1ter, de tanto que eu li na &hellip; <a href=\"https:\/\/nalua.in\/blog\/dia-03\/\" class=\"more-link\">Continuar lendo <span class=\"screen-reader-text\">Dia 03<\/span><\/a><\/p>\n","protected":false},"author":1,"featured_media":0,"comment_status":"closed","ping_status":"open","sticky":false,"template":"","format":"standard","meta":{"footnotes":""},"categories":[4,13,38,40,42,43],"tags":[],"class_list":["post-662","post","type-post","status-publish","format-standard","hentry","category-30dias","category-biografia","category-leituras","category-leveza","category-literatura","category-literatura-brasileira"],"_links":{"self":[{"href":"https:\/\/nalua.in\/blog\/wp-json\/wp\/v2\/posts\/662","targetHints":{"allow":["GET"]}}],"collection":[{"href":"https:\/\/nalua.in\/blog\/wp-json\/wp\/v2\/posts"}],"about":[{"href":"https:\/\/nalua.in\/blog\/wp-json\/wp\/v2\/types\/post"}],"author":[{"embeddable":true,"href":"https:\/\/nalua.in\/blog\/wp-json\/wp\/v2\/users\/1"}],"replies":[{"embeddable":true,"href":"https:\/\/nalua.in\/blog\/wp-json\/wp\/v2\/comments?post=662"}],"version-history":[{"count":0,"href":"https:\/\/nalua.in\/blog\/wp-json\/wp\/v2\/posts\/662\/revisions"}],"wp:attachment":[{"href":"https:\/\/nalua.in\/blog\/wp-json\/wp\/v2\/media?parent=662"}],"wp:term":[{"taxonomy":"category","embeddable":true,"href":"https:\/\/nalua.in\/blog\/wp-json\/wp\/v2\/categories?post=662"},{"taxonomy":"post_tag","embeddable":true,"href":"https:\/\/nalua.in\/blog\/wp-json\/wp\/v2\/tags?post=662"}],"curies":[{"name":"wp","href":"https:\/\/api.w.org\/{rel}","templated":true}]}}