{"id":656,"date":"2012-03-02T16:55:57","date_gmt":"2012-03-02T22:55:57","guid":{"rendered":"http:\/\/livros.in.blog.br\/?p=656"},"modified":"2012-03-02T16:55:57","modified_gmt":"2012-03-02T22:55:57","slug":"dia-02","status":"publish","type":"post","link":"https:\/\/nalua.in\/blog\/dia-02\/","title":{"rendered":"Dia 02"},"content":{"rendered":"<p><img loading=\"lazy\" decoding=\"async\" class=\"alignleft  wp-image-657\" style=\"margin:5px;\" title=\"sp_nana_nene\" src=\"http:\/\/livros.in.blog.br\/wp-content\/uploads\/2012\/03\/sp_nana_nene-185x300.jpg\" alt=\"\" width=\"148\" height=\"240\" \/><\/p>\n<h2 style=\"text-align:justify;\">Dia 02: Um livro que eu n\u00e3o gosto.<\/h2>\n<p><strong><span style=\"text-decoration:underline;\">Nana, nen\u00ea de\u00c2\u00a0Eduard Estivill, Sylvia de B\u00e9jar<\/span><\/strong><\/p>\n<p style=\"text-align:justify;\">Essa foi\u00c2\u00a0dif\u00ed\u00adcil, porque eu n\u00e3o consigo lembrar de um livro que eu n\u00e3o gosto. E mais ainda porque eu largo sem d\u00f3 nem piedade livro que eu n\u00e3o estou gostando. E mais ainda, porque minha mem\u00f3ria anda p\u00e9ssima, p\u00e9ssima, tr\u00e1gica. Mas um que eu n\u00e3o gostei, mais porque n\u00e3o gostei do principio, \u00e9 o Nana Nen\u00ea. E continuo n\u00e3o gostando. \u00c9 um livro que eu n\u00e3o gosto. Porque acho meio inconceb\u00ed\u00advel deixar um beb\u00ea chorando pra fazer dormir, mesmo que seja s\u00f3 por um minuto, sei l\u00e1 e minha vis\u00e3o das coisas \u00e9 muito diferente do que mostra nesse livro&#8230; Pra mim \u00e9 meio complicado assimilar o principio desse livro. E existe at\u00e9 um movimento contra o m\u00e9todo apregoado por esse livro, como demonstrado aqui:\u00c2\u00a0<a href=\"http:\/\/www.aleitamento.com\/amamentacao\/conteudo.asp?cod=776\">http:\/\/www.aleitamento.com\/amamentacao\/conteudo.asp?cod=776<\/a><\/p>\n<p>=====<br \/>\nNana, nen\u00ea<br \/>\nComo resolver o problema da ins\u00f4nia do seu filho<br \/>\nAutor(es):Eduard Estivill, Sylvia de B\u00e9jar<br \/>\nEditora: SP &#8211; Livraria Resposta<br \/>\n\u00ed\u0081rea(s):Psicologia \/ Psican\u00e1lise<br \/>\nISBN: 9788578271558<br \/>\nP\u00e1ginas:160 p\u00e1g.<\/p>\n<p style=\"text-align:justify;\">Sinopse:<\/p>\n<p style=\"text-align:justify;\"><em>Cerca de 35% das crian\u00e7as com menos de cinco anos sofrem de ins\u00f4nia, ou seja, desencadeiam uma batalha na hora de dormir e\/ou acordam v\u00e1rias vezes durante a noite.\u00c2\u00a0<\/em><em>As conseq\u00ed\u00bc\u00eancias s\u00e3o t\u00e3o evidentes nas crian\u00e7as \u00c2\u00ad tornam-se irrit\u00e1veis, inseguras e, com o tempo, acabam tendo problemas em suas rela\u00e7\u00f5es com os outros e na escola \u00c2\u00ad como nos pais, cuja vida conjugal acaba sendo prejudicada pelo cansa\u00e7o e pelo nervosismo. Este livro, ao mesmo tempo leve e rigorosamente cient\u00ed\u00adfico, al\u00e9m de explicar como ensinar as crian\u00e7as a dormirem bem desde o in\u00ed\u00adcio, tamb\u00e9m revela como acabar definitivamente com o problema da ins\u00f4nia infantil por meio de um m\u00e9todo simples, que funcionou em 96% dos casos em que foi aplicado.<\/em><\/p>\n<p style=\"text-align:justify;\">=====<\/p>\n<p style=\"text-align:justify;\"><a href=\"http:\/\/livros.in.blog.br\/wp-content\/uploads\/2012\/03\/quando-nietzsche-chorou.jpeg\"><img loading=\"lazy\" decoding=\"async\" class=\"size-medium wp-image-658 alignright\" style=\"margin:5px;\" title=\"quando-nietzsche-chorou\" src=\"http:\/\/livros.in.blog.br\/wp-content\/uploads\/2012\/03\/quando-nietzsche-chorou-196x300.jpg\" alt=\"\" width=\"196\" height=\"300\" \/><\/a>\u00c2\u00a0Mas agora, com esse post j\u00e1 pronto, eu lembrei de outro, de literatura, que n\u00e3o gostei quando li: Quando Nietzsche Chorou. Lembro de ter achado chato,\u00c2\u00a0pedante\u00c2\u00a0e meio sem sentido, mas tem muitoooo tempo que eu li, antes dele fazer sucesso, at\u00e9, eu acho. Mas li todo porque apesar disto, a hist\u00f3ria at\u00e9 me prendeu. O que eu tenho ainda \u00e9 uma velha edi\u00e7\u00e3o da Ediouro (acho). N\u00e3o sei se eu gostaria dele atualmente, precisaria ler de novo, coisa que eu n\u00e3o vou fazer, porque tem mais livro bom do que minutos que me restam nesse mundo.<\/p>\n<p style=\"text-align:justify;\">=====<\/p>\n<p style=\"text-align:justify;\"><span style=\"text-decoration:underline;\"><strong>Quando Nietzsche chorou, Irvin D. Yalom<\/strong><\/span><\/p>\n<p style=\"text-align:justify;\">QUANDO NIETZSCHE CHOROU<br \/>\nAutor: YALOM, IRVIN D.<br \/>\nEditora: EDIOURO (RJ)<br \/>\nAssunto: LITERATURA ESTRANGEIRA &#8211; ROMANCES<br \/>\nISBN: 8500007958 ISBN-13: 9788500007958<br \/>\nIdioma: portugu\u00eas<br \/>\nN\u00famero de p\u00e1ginas: 407<\/p>\n<p style=\"text-align:justify;\">Sinopse:<br \/>\nEste livro tem como pano de fundo o fermento intelectual da Viena do s\u00e9culo XIX \u00ed\u00a0s v\u00e9speras do nascimento da psican\u00e1lise. Friedrich Nietzsche, Josef Breuer, um pacto secreto, um jovem m\u00e9dico interno de hospital chamado Sigmund Freud &#8211; esses elementos se combinam para criar a saga de um relacionamento imagin\u00e1rio entre um paciente e um terapeuta talentoso. Na abertura deste romance, a Lou Salom\u00e9 roga a Breuer que ajude a tratar o desespero suicida de Nietzsche mediante sua experimental terapia atrav\u00e9s da conversa. Ao aceitar relutante a tarefa, o eminente m\u00e9dico realiza uma grande descoberta &#8211; somente encarando seus pr\u00f3prios dem\u00f4nios internos poder\u00e1 come\u00e7ar a ajudar seu paciente. Assim, dois homens mergulham nas profundezas de suas pr\u00f3prias obsess\u00f5es rom\u00e2nticas e descobrem o poder redentor da amizade.<\/p>\n<div id=\"-chrome-auto-translate-plugin-dialog\" style=\"opacity:1 !important;background-image:initial !important;background-attachment:initial !important;background-origin:initial !important;background-clip:initial !important;background-color:transparent !important;position:absolute !important;top:0;left:0;overflow-x:visible !important;overflow-y:visible !important;z-index:999999 !important;text-align:left !important;display:none;background-position:initial initial !important;background-repeat:initial initial !important;padding:0!important;margin:0!important;\">\n<div style=\"max-width:300px !important;color:#fafafa !important;opacity:.8 !important;border-color:#000000!important;border-width:0!important;-webkit-border-radius:10px !important;background-color:#363636 !important;font-size:16px !important;padding:8px!important;overflow:visible !important;background-image:-webkit-gradient(linear,left top,right bottom,color-stop(0%,#000),color-stop(50%,#363636),color-stop(100%,#000));z-index:999999 !important;text-align:left !important;\"><\/div>\n<p><img decoding=\"async\" style=\"position:absolute !important;z-index:-1 !important;right:1px !important;top:-20px !important;cursor:pointer !important;-webkit-border-radius:20px;background-color:rgba(200,200,200,0.3) !important;padding:3px 5px 0!important;margin:0!important;\" src=\"http:\/\/www.google.com\/uds\/css\/small-logo.png\" alt=\"\" \/>\n<\/div>\n","protected":false},"excerpt":{"rendered":"<p>Dia 02: Um livro que eu n\u00e3o gosto. Nana, nen\u00ea de\u00c2\u00a0Eduard Estivill, Sylvia de B\u00e9jar Essa foi\u00c2\u00a0dif\u00ed\u00adcil, porque eu n\u00e3o consigo lembrar de um livro que eu n\u00e3o gosto. E mais ainda porque eu largo sem d\u00f3 nem piedade livro que eu n\u00e3o estou gostando. E mais ainda, porque minha mem\u00f3ria anda p\u00e9ssima, p\u00e9ssima, tr\u00e1gica. &hellip; <a href=\"https:\/\/nalua.in\/blog\/dia-02\/\" class=\"more-link\">Continuar lendo <span class=\"screen-reader-text\">Dia 02<\/span><\/a><\/p>\n","protected":false},"author":1,"featured_media":0,"comment_status":"closed","ping_status":"open","sticky":false,"template":"","format":"standard","meta":{"footnotes":""},"categories":[4],"tags":[],"class_list":["post-656","post","type-post","status-publish","format-standard","hentry","category-30dias"],"_links":{"self":[{"href":"https:\/\/nalua.in\/blog\/wp-json\/wp\/v2\/posts\/656","targetHints":{"allow":["GET"]}}],"collection":[{"href":"https:\/\/nalua.in\/blog\/wp-json\/wp\/v2\/posts"}],"about":[{"href":"https:\/\/nalua.in\/blog\/wp-json\/wp\/v2\/types\/post"}],"author":[{"embeddable":true,"href":"https:\/\/nalua.in\/blog\/wp-json\/wp\/v2\/users\/1"}],"replies":[{"embeddable":true,"href":"https:\/\/nalua.in\/blog\/wp-json\/wp\/v2\/comments?post=656"}],"version-history":[{"count":0,"href":"https:\/\/nalua.in\/blog\/wp-json\/wp\/v2\/posts\/656\/revisions"}],"wp:attachment":[{"href":"https:\/\/nalua.in\/blog\/wp-json\/wp\/v2\/media?parent=656"}],"wp:term":[{"taxonomy":"category","embeddable":true,"href":"https:\/\/nalua.in\/blog\/wp-json\/wp\/v2\/categories?post=656"},{"taxonomy":"post_tag","embeddable":true,"href":"https:\/\/nalua.in\/blog\/wp-json\/wp\/v2\/tags?post=656"}],"curies":[{"name":"wp","href":"https:\/\/api.w.org\/{rel}","templated":true}]}}