{"id":647,"date":"2012-03-01T08:27:52","date_gmt":"2012-03-01T14:27:52","guid":{"rendered":"http:\/\/livros.in.blog.br\/?p=647"},"modified":"2012-03-01T08:27:52","modified_gmt":"2012-03-01T14:27:52","slug":"dia01","status":"publish","type":"post","link":"https:\/\/nalua.in\/blog\/dia01\/","title":{"rendered":"Dia 01"},"content":{"rendered":"<p style=\"text-align: justify;\"><a href=\"http:\/\/nalu.in\/wp-content\/uploads\/2012\/03\/amor-outros-demonios.jpg\"><img loading=\"lazy\" decoding=\"async\" class=\"alignleft  wp-image-2317\" src=\"http:\/\/nalu.in\/wp-content\/uploads\/2012\/03\/amor-outros-demonios.jpg\" alt=\"amor-outros-demonios\" width=\"222\" height=\"344\" srcset=\"https:\/\/nalua.in\/blog\/wp-content\/uploads\/2012\/03\/amor-outros-demonios.jpg 375w, https:\/\/nalua.in\/blog\/wp-content\/uploads\/2012\/03\/amor-outros-demonios-194x300.jpg 194w\" sizes=\"auto, (max-width: 222px) 100vw, 222px\" \/><\/a>Vou come\u00e7ar hoje, dia 1\u00c2\u00ba\/03\/2012 o Meme 30 dias, trinta livros. N\u00e3o sei se vou dar conta de responder na ordem dos dias, mas vou tentar, de qualquer modo o primeiro t\u00f3pico \u00e9:<\/p>\n<p style=\"text-align: justify;\">Qual \u00e9 o seu livro preferido?<\/p>\n<p style=\"text-align: justify;\">=====<\/p>\n<p style=\"text-align: justify;\"><span style=\"text-decoration: underline;\"><strong>Dia 01: Livro Preferido<\/strong><br \/>\n<\/span><\/p>\n<p style=\"text-align: justify;\">\u00c2\u00a0Do Amor e Outros Dem\u00f4nios, Gabriel Garcia Marquez<\/p>\n<p style=\"text-align: justify;\">&#8212;&#8211;<\/p>\n<p style=\"text-align: justify;\">\u00c9 sem d\u00favida <em><strong>Do Amor e Outros Dem\u00f4nios<\/strong><\/em>, do Gabriel Garcia Marquez. Eu amo esse livro j\u00e1 li 4 vezes (ou mais), embora a \u00faltima tenha j\u00e1 mais de 10, 11 anos, nem sei. J\u00e1 dei os meus exemplares v\u00e1rias vezes, mas acabo comprando outro,\u00c2\u00a0porque\u00c2\u00a0\u00e9 o preferido mesmo. Me lembro de ter lido ele todo na ida pra Bel\u00e9m de \u00f4nibus, em 1994, e l\u00ea-lo de novo na volta, e querer economizar cada palavra, cada linha de tanto que eu estava gostando. Li esse livro muitas vezes, emprestei outras tantas e dei uns 3 de presente. E continuo\u00c2\u00a0recomendando, acho um livro lindo.<\/p>\n<p style=\"text-align: justify;\">=====<!--more--><\/p>\n<p>DO AMOR E OUTROS DEMONIOS<br \/>\nFormato: Livro<br \/>\nAutor: GARCIA MARQUEZ, GABRIEL<br \/>\nEditora: RECORD<br \/>\nAssunto: LITERATURA ESTRANGEIRA &#8211; LATINO-AMERICANA<br \/>\nISBN: 8501042285<br \/>\nISBN-13: 9788501042286<br \/>\nIdioma: portugu\u00eas<br \/>\nEncaderna\u00e7\u00e3o: Brochura<br \/>\nPeso: 0,260 kg<br \/>\nEdi\u00e7\u00e3o: 9\u00aa<br \/>\nAno de Lan\u00e7amento: 1996<br \/>\n=====<\/p>\n<p style=\"text-align: justify;\">Tudo come\u00e7a quando Gabriel Garc\u00ed\u00ada M\u00e1rquez fica encarregado de uma reportagem em Bogot\u00e1, no ano de 1949. Ao cobrir a remo\u00e7\u00e3o das criptas funer\u00e1rias do convento de Santa Clara, o ent\u00e3o jovem jornalista depara-se com um caix\u00e3o que abriga uma ossada com cabelos de aproximadamente 22 metros. Mesmo informado de que esse fato n\u00e3o \u00e9 incomum, M\u00e1rquez relaciona o fato a uma lenda que sua av\u00f3 contava, sobre uma marquesinha venerada no Caribe por ser considerada milagrosa e que havia sido mordida por um cachorro e morrido de raiva. A marquesinha possu\u00ed\u00ada uma cabeleira &#8220;que se arrastava como a cauda de um vestido de noiva&#8221;.<br \/>\nAnos depois, agora um escritor de sucesso, M\u00e1rquez cria uma hist\u00f3ria para a menina que se passa h\u00e1 200 anos atras em territ\u00f3rios sul americanos. A menina Sierva Maria Todos los \u00ed\u0081ngeles, filha do Marqu\u00eas de Casalduero \u00e9 mordida por um cachorro com raiva. Rejeitada pelos pais desde pequena, a menina havia sido criada entre os escravos e s\u00f3 depois desse incidente o pai come\u00e7a a dar mais valor a ela. Recorre-se a curandeiros, feiticeiros, bruxas, tudo para retirar o diabo do corpo dela.<br \/>\nAo chegar nos ouvidos do Santo Of\u00ed\u00adcio, o Marqu\u00eas \u00e9 pressionado a deixar a filha dele em um convento, para ser ajudada pelos &#8220;obreiros&#8221; de Deus. A crian\u00e7a \u00e9 encarcerada e, ao chegar, estranhos acontecimentos acontecem, at\u00e9 que ela passa a receber a ajuda do Padre Cayetano Delaura, que a principio s\u00f3 queria ajudar a garota. Mas logo a ajuda transforma-se em amor.<\/p>\n<div id=\"-chrome-auto-translate-plugin-dialog\" style=\"opacity: 1 !important; background-image: initial !important; background-attachment: initial !important; background-origin: initial !important; background-clip: initial !important; background-color: transparent !important; position: absolute !important; top: 0; left: 0; overflow-x: visible !important; overflow-y: visible !important; z-index: 999999 !important; text-align: left !important; display: none; background-position: initial initial !important; background-repeat: initial initial !important; padding: 0!important; margin: 0!important;\">\n<div style=\"max-width: 300px !important; color: #fafafa !important; opacity: .8 !important; border-color: #000000!important; border-width: 0!important; -webkit-border-radius: 10px !important; background-color: #363636 !important; font-size: 16px !important; padding: 8px!important; overflow: visible !important; background-image: -webkit-gradient(linear,left top,right bottom,color-stop(0%,#000),color-stop(50%,#363636),color-stop(100%,#000)); z-index: 999999 !important; text-align: left !important;\"><\/div>\n<p><img decoding=\"async\" style=\"position: absolute !important; z-index: -1 !important; right: 1px !important; top: -20px !important; cursor: pointer !important; -webkit-border-radius: 20px; background-color: rgba(200,200,200,0.3) !important; padding: 3px 5px 0!important; margin: 0!important;\" src=\"http:\/\/www.google.com\/uds\/css\/small-logo.png\" alt=\"\" \/>\n<\/div>\n","protected":false},"excerpt":{"rendered":"<p>Vou come\u00e7ar hoje, dia 1\u00c2\u00ba\/03\/2012 o Meme 30 dias, trinta livros. N\u00e3o sei se vou dar conta de responder na ordem dos dias, mas vou tentar, de qualquer modo o primeiro t\u00f3pico \u00e9: Qual \u00e9 o seu livro preferido? ===== Dia 01: Livro Preferido \u00c2\u00a0Do Amor e Outros Dem\u00f4nios, Gabriel Garcia Marquez &#8212;&#8211; \u00c9 sem &hellip; <a href=\"https:\/\/nalua.in\/blog\/dia01\/\" class=\"more-link\">Continuar lendo <span class=\"screen-reader-text\">Dia 01<\/span><\/a><\/p>\n","protected":false},"author":1,"featured_media":0,"comment_status":"closed","ping_status":"open","sticky":false,"template":"","format":"standard","meta":{"footnotes":""},"categories":[4,38,42,44],"tags":[],"class_list":["post-647","post","type-post","status-publish","format-standard","hentry","category-30dias","category-leituras","category-literatura","category-livros"],"_links":{"self":[{"href":"https:\/\/nalua.in\/blog\/wp-json\/wp\/v2\/posts\/647","targetHints":{"allow":["GET"]}}],"collection":[{"href":"https:\/\/nalua.in\/blog\/wp-json\/wp\/v2\/posts"}],"about":[{"href":"https:\/\/nalua.in\/blog\/wp-json\/wp\/v2\/types\/post"}],"author":[{"embeddable":true,"href":"https:\/\/nalua.in\/blog\/wp-json\/wp\/v2\/users\/1"}],"replies":[{"embeddable":true,"href":"https:\/\/nalua.in\/blog\/wp-json\/wp\/v2\/comments?post=647"}],"version-history":[{"count":0,"href":"https:\/\/nalua.in\/blog\/wp-json\/wp\/v2\/posts\/647\/revisions"}],"wp:attachment":[{"href":"https:\/\/nalua.in\/blog\/wp-json\/wp\/v2\/media?parent=647"}],"wp:term":[{"taxonomy":"category","embeddable":true,"href":"https:\/\/nalua.in\/blog\/wp-json\/wp\/v2\/categories?post=647"},{"taxonomy":"post_tag","embeddable":true,"href":"https:\/\/nalua.in\/blog\/wp-json\/wp\/v2\/tags?post=647"}],"curies":[{"name":"wp","href":"https:\/\/api.w.org\/{rel}","templated":true}]}}