{"id":639,"date":"2010-09-03T15:45:38","date_gmt":"2010-09-03T17:45:38","guid":{"rendered":"http:\/\/levezadoser.blog.br\/?p=639"},"modified":"2010-09-03T15:45:38","modified_gmt":"2010-09-03T17:45:38","slug":"vai-valer-a-pena","status":"publish","type":"post","link":"https:\/\/nalua.in\/blog\/vai-valer-a-pena\/","title":{"rendered":"vai valer a pena ter amanhecido"},"content":{"rendered":"<div style=\"text-align: center;\">\n<strong>Vai valer a pena ter amanhecido<\/strong><br \/>\n<a href=\"https:\/\/nalua.in\/blog\/wp-content\/uploads\/2010\/09\/Screen-shot-2011-05-24-at-12.02.59-AM.png\"><img loading=\"lazy\" decoding=\"async\" class=\"alignleft  wp-image-2523\" src=\"https:\/\/nalua.in\/blog\/wp-content\/uploads\/2010\/09\/Screen-shot-2011-05-24-at-12.02.59-AM.png\" alt=\"Screen shot 2011-05-24 at 12.02.59 AM\" width=\"347\" height=\"231\" srcset=\"https:\/\/nalua.in\/blog\/wp-content\/uploads\/2010\/09\/Screen-shot-2011-05-24-at-12.02.59-AM.png 468w, https:\/\/nalua.in\/blog\/wp-content\/uploads\/2010\/09\/Screen-shot-2011-05-24-at-12.02.59-AM-300x199.png 300w\" sizes=\"auto, (max-width: 347px) 100vw, 347px\" \/><\/a>\n<\/div>\n<div style=\"text-align: center;\"><em>No cora\u00e7\u00e3o, talvez, ou diga antes:<br \/>\nUma ferida rasgada de navalha,<br \/>\nPor onde vai a vida, t\u00e3o mal gasta.<br \/>\nNa total consci\u00eancia nos retalha.<br \/>\nO desejar, o querer, o n\u00e3o bastar,<br \/>\nEnganada procura da raz\u00e3o<br \/>\nQue o acaso de sermos justifique,<br \/>\nEis o que d\u00f3i, talvez no cora\u00e7\u00e3o.<\/em><\/div>\n<div style=\"text-align: center;\"><\/div>\n<div style=\"text-align: center;\"><em>Jos\u00e9 Saramago<\/em><\/div>\n<div style=\"text-align: center;\">&#8212;<\/div>\n<div style=\"text-align: justify;\">Desde 2001 que eu tento emagrecer <span style=\"text-decoration: underline;\">sem sucesso<\/span>. Desde 2006 que eu tenho blog pra emagrecer <span style=\"text-decoration: underline;\">sem um quilo de sucesso e muitos de fracasso<\/span>. Por um motivo simples, eu n\u00e3o consigo fechar a boca. Ponto. Eu n\u00e3o fa\u00e7o o que tenho que fazer, eu como chocolate demais, doces demais. Eu n\u00e3o uso as in\u00fameras ferramentas que eu tenho que podem ajudar, aliviar, facilitar, enriquecer o caminho do emagrecimento. E estar gorda \u00e9 uma enorme cilada, pq with our without you, I can&#8217;t live.<\/div>\n<div style=\"text-align: justify;\">N\u00e3o d\u00e1 pra ser feliz sendo gorda. N\u00e3o d\u00e1 pra emagrecer. Eu sei que dizer n\u00e3o d\u00e1 pra ser feliz sendo gorda \u00e9 forte, mas obviamente, como esse aqui \u00e9 o meu blog e n\u00e3o o Blog da Carmucilda da Silva, \u00e9 pra mim que n\u00e3o d\u00e1. Eu n\u00e3o tenho mais cara de vir aqui, por isso esse post t\u00e1 escondido, pq eu tenho muita vergonha de n\u00e3o conseguir, muita mesmo. Mas claro que obviamente eu n\u00e3o t\u00f4 fazendo mesmo nada pra emagrecer efetivamente, eu n\u00e3o sigo um programa, eu n\u00e3o como frutas, eu n\u00e3o fa\u00e7o o qi eu n\u00e3o fa\u00e7o outras cem coisas que s\u00e3o boas pra ajudar, eu simpelsnemten n\u00e3o consigo seguir nada, eu me encho de tralhas.\u00c2\u00a0 Eu n\u00e3o me dou nem mesmo o direito de fazer e dizer, n\u00e3o funcionou, eu j\u00e1 desisto antes. O resultado s\u00e3o 15 quilos (cara, 15 quilos!!!!! Vergonha, vergonha vergonha&#8230;) a mais desde que eu comecei a escrever blog. Ao longo dos meus 10 anos de casada eu vi minha casa encher de tralhas, e vi meu corpo cada vez mais cheio de tralhas. E n\u00e3o sei como mudar isso. N\u00e3o sei mesmo. Ou n\u00e3o tenho for\u00e7as pra mudar, essa \u00e9 a verdade.<\/div>\n<div style=\"text-align: justify;\">Eu n\u00e3o desisto de dizer pra mim mesma que vou tentar. \u00c9 uma cilada mesmo. E n\u00e3o desisto de dizer porque n\u00e3o posso, porque n\u00e3o tenho outra alternativa. Mas a vergonha e o desgosto comigo mesma s\u00f3 aumentam. N\u00e3o sei mais o que fazer comigo. Ya no se que hacer conmigo.<\/div>\n<p>Esse tb \u00e9 um post q eu escrevi e n\u00e3o tive coragem de publicar.<br \/>\nOriginalmente escrito em 12\/07\/2010<\/p>\n","protected":false},"excerpt":{"rendered":"<p>Vai valer a pena ter amanhecido No cora\u00e7\u00e3o, talvez, ou diga antes: Uma ferida rasgada de navalha, Por onde vai a vida, t\u00e3o mal gasta. Na total consci\u00eancia nos retalha. O desejar, o querer, o n\u00e3o bastar, Enganada procura da raz\u00e3o Que o acaso de sermos justifique, Eis o que d\u00f3i, talvez no cora\u00e7\u00e3o. Jos\u00e9 &hellip; <a href=\"https:\/\/nalua.in\/blog\/vai-valer-a-pena\/\" class=\"more-link\">Continuar lendo <span class=\"screen-reader-text\">vai valer a pena ter amanhecido<\/span><\/a><\/p>\n","protected":false},"author":1,"featured_media":0,"comment_status":"open","ping_status":"open","sticky":false,"template":"","format":"standard","meta":{"footnotes":""},"categories":[83],"tags":[],"class_list":["post-639","post","type-post","status-publish","format-standard","hentry","category-sofrimento"],"_links":{"self":[{"href":"https:\/\/nalua.in\/blog\/wp-json\/wp\/v2\/posts\/639","targetHints":{"allow":["GET"]}}],"collection":[{"href":"https:\/\/nalua.in\/blog\/wp-json\/wp\/v2\/posts"}],"about":[{"href":"https:\/\/nalua.in\/blog\/wp-json\/wp\/v2\/types\/post"}],"author":[{"embeddable":true,"href":"https:\/\/nalua.in\/blog\/wp-json\/wp\/v2\/users\/1"}],"replies":[{"embeddable":true,"href":"https:\/\/nalua.in\/blog\/wp-json\/wp\/v2\/comments?post=639"}],"version-history":[{"count":0,"href":"https:\/\/nalua.in\/blog\/wp-json\/wp\/v2\/posts\/639\/revisions"}],"wp:attachment":[{"href":"https:\/\/nalua.in\/blog\/wp-json\/wp\/v2\/media?parent=639"}],"wp:term":[{"taxonomy":"category","embeddable":true,"href":"https:\/\/nalua.in\/blog\/wp-json\/wp\/v2\/categories?post=639"},{"taxonomy":"post_tag","embeddable":true,"href":"https:\/\/nalua.in\/blog\/wp-json\/wp\/v2\/tags?post=639"}],"curies":[{"name":"wp","href":"https:\/\/api.w.org\/{rel}","templated":true}]}}