{"id":627,"date":"2010-05-31T22:31:03","date_gmt":"2010-06-01T00:31:03","guid":{"rendered":"http:\/\/levezadoser.blog.br\/falando-de-lado-e-olhando-pro-chao\/"},"modified":"2010-05-31T22:31:03","modified_gmt":"2010-06-01T00:31:03","slug":"falando-de-lado-e-olhando-pro-chao","status":"publish","type":"post","link":"https:\/\/nalua.in\/blog\/falando-de-lado-e-olhando-pro-chao\/","title":{"rendered":"Falando de lado e olhando pro ch\u00e3o"},"content":{"rendered":"<p style=\"text-align:center;\"><img loading=\"lazy\" decoding=\"async\" style=\"width:430px;height:226px;\" src=\"http:\/\/nalu.blog.br\/imagens\/leveza\/500.jpg\" alt=\"\" width=\"430\" height=\"226\" \/><\/p>\n<p style=\"text-align:center;\"><em><span style=\"font-size:1.2em;\"><em><strong>N\u00e3o \u00e9 f\u00e1cil para a l\u00ed\u00adngua<\/strong><\/em> <em><strong>encardida de esperan\u00e7a,<\/strong><\/em><\/span><\/em><\/p>\n<p style=\"text-align:center;\"><span style=\"font-size:1.2em;\"><em><strong>sair no sol pra lamber<\/strong><\/em> <em><strong>o sal da perseveran\u00e7a<\/strong>.<\/em><\/span><\/p>\n<p style=\"text-align:center;\">Thiago de Mello*<\/p>\n<p style=\"text-align:center;\">=====<\/p>\n<p>N\u00e3o tenho ido muito bem. Meus dias tem se constituido de exce\u00e7\u00f5es, e isso n\u00e3o \u00e9 bom. Foi anivers\u00e1rio do marido na quinta, foi meu anivers\u00e1rio na sexta, npo s\u00e1bado vieram amigos queridos e ficaram o dia todo.<br \/>\nMas nem passa pela minha cabe\u00e7a desistir, passa pela minha cabe\u00e7a caprichar mais. Uma amiga vai fazer 40 anos em agosto e vai fazer uma festa legal. Ligou ontem pra convidar. Normalmente eu n\u00e3o ligo pra isso, mas achei que poderia ser uma boa raz\u00e3o pra me motivar, me sentir melhor no anivers\u00e1rio dela.<br \/>\nEstou pecando ainda em v\u00e1rios itens:<\/p>\n<ul>\n<li><em>N\u00e3o anoto<\/em><\/li>\n<li><em>N\u00e3o estou comendo frutas nem alimentos zero ponto<\/em><\/li>\n<li><em>N\u00e3o estou tomando muita \u00e1gua<\/em><\/li>\n<li><em>Estou sendo muito indulgente comigo mesma.<\/em><\/li>\n<\/ul>\n<p>Assim n\u00e3o d\u00e1, mas amanh\u00e3 vou caprichar um pouco mais.<\/p>\n<p style=\"text-align:center;\">=====<\/p>\n<p>Eu descobri no twitter esse tumblr, <a href=\"http:\/\/gostosa.tumblr.com\/\">http:\/\/gostosa.tumblr.com\/<\/a> achei lindo, tem mulheres de verdade e lindas. O nome \u00e9 bem sugestivo &#8220;fuck yeah gostosa que se acha gorda&#8221;. S\u00f3 abra se estiver em ambiente controlado, tem nudez.<br \/>\nEu nem ia escrever post, estava sem vontade e morta de cansa\u00e7o, mas preciso disto, isto \u00e9 pra n\u00e3o perder o foco.<br \/>\n*Ganhei esse livro hoje. E enquanto escrevia este post abri o livro e o primeiro verso que li foi esse. Thiago de Mello. <strong><span style=\"font-family:Verdana;font-size:.9em;\">Poesia Comprometida com a Minha e a Tua Vida, Civiliza\u00e7\u00e3o Brasileira, Rio de Janeiro, 1975. 6a edi\u00e7\u00e3o, 1989.<\/span><\/strong><br \/>\n*Me deu vontade de fazer uma bolsa com esse verso.<\/p>\n","protected":false},"excerpt":{"rendered":"<p>N\u00e3o \u00e9 f\u00e1cil para a l\u00ed\u00adngua encardida de esperan\u00e7a, sair no sol pra lamber o sal da perseveran\u00e7a. Thiago de Mello* ===== N\u00e3o tenho ido muito bem. Meus dias tem se constituido de exce\u00e7\u00f5es, e isso n\u00e3o \u00e9 bom. Foi anivers\u00e1rio do marido na quinta, foi meu anivers\u00e1rio na sexta, npo s\u00e1bado vieram amigos queridos &hellip; <a href=\"https:\/\/nalua.in\/blog\/falando-de-lado-e-olhando-pro-chao\/\" class=\"more-link\">Continuar lendo <span class=\"screen-reader-text\">Falando de lado e olhando pro ch\u00e3o<\/span><\/a><\/p>\n","protected":false},"author":1,"featured_media":0,"comment_status":"open","ping_status":"open","sticky":false,"template":"","format":"standard","meta":{"footnotes":""},"categories":[5],"tags":[],"class_list":["post-627","post","type-post","status-publish","format-standard","hentry","category-acoes"],"_links":{"self":[{"href":"https:\/\/nalua.in\/blog\/wp-json\/wp\/v2\/posts\/627","targetHints":{"allow":["GET"]}}],"collection":[{"href":"https:\/\/nalua.in\/blog\/wp-json\/wp\/v2\/posts"}],"about":[{"href":"https:\/\/nalua.in\/blog\/wp-json\/wp\/v2\/types\/post"}],"author":[{"embeddable":true,"href":"https:\/\/nalua.in\/blog\/wp-json\/wp\/v2\/users\/1"}],"replies":[{"embeddable":true,"href":"https:\/\/nalua.in\/blog\/wp-json\/wp\/v2\/comments?post=627"}],"version-history":[{"count":0,"href":"https:\/\/nalua.in\/blog\/wp-json\/wp\/v2\/posts\/627\/revisions"}],"wp:attachment":[{"href":"https:\/\/nalua.in\/blog\/wp-json\/wp\/v2\/media?parent=627"}],"wp:term":[{"taxonomy":"category","embeddable":true,"href":"https:\/\/nalua.in\/blog\/wp-json\/wp\/v2\/categories?post=627"},{"taxonomy":"post_tag","embeddable":true,"href":"https:\/\/nalua.in\/blog\/wp-json\/wp\/v2\/tags?post=627"}],"curies":[{"name":"wp","href":"https:\/\/api.w.org\/{rel}","templated":true}]}}