{"id":587,"date":"2006-06-15T22:49:15","date_gmt":"2006-06-16T01:49:15","guid":{"rendered":"http:\/\/nalu.in\/archives\/45"},"modified":"2006-06-15T22:49:15","modified_gmt":"2006-06-16T01:49:15","slug":"depre","status":"publish","type":"post","link":"https:\/\/nalua.in\/blog\/depre\/","title":{"rendered":"Depr\u00ea"},"content":{"rendered":"<figure id=\"attachment_2256\" aria-describedby=\"caption-attachment-2256\" style=\"width: 423px\" class=\"wp-caption alignleft\"><a href=\"http:\/\/nalu.in\/wp-content\/uploads\/2006\/06\/2981759702_a6c22dd9f4.jpg\" target=\"_blank\" rel=\"noopener\"><img loading=\"lazy\" decoding=\"async\" class=\"wp-image-2256\" src=\"http:\/\/nalu.in\/wp-content\/uploads\/2006\/06\/2981759702_a6c22dd9f4.jpg\" alt=\"Life before depression\" width=\"423\" height=\"287\" srcset=\"https:\/\/nalua.in\/blog\/wp-content\/uploads\/2006\/06\/2981759702_a6c22dd9f4.jpg 500w, https:\/\/nalua.in\/blog\/wp-content\/uploads\/2006\/06\/2981759702_a6c22dd9f4-300x203.jpg 300w\" sizes=\"auto, (max-width: 423px) 100vw, 423px\" \/><\/a><figcaption id=\"caption-attachment-2256\" class=\"wp-caption-text\">Imagem do Post Secret<\/figcaption><\/figure>\n<p align=\"justify\">Eu n\u00e3o estou bem. Deprimida, muito dolorida, cansada, com a sensa\u00e7\u00e3o de estagna\u00e7\u00e3o. Quem consegue ficar bem sentindo tanta dor? Minha cabe\u00e7a anda ruim demais, estou confusa, andando em c\u00ed\u00adrculo, com a n\u00ed\u00adtida sensa\u00e7\u00e3o de que n\u00e3o consigo sair do lugar. Deve ser porque eu <em>realmente <\/em>n\u00e3o tenho conserto. Ou vai ver que n\u00e3o consigo mais crescer, a n\u00e3o ser para os lados.<\/p>\n<p align=\"justify\">\u00c2\u00a0Acho que eu tenho um defeito na fabrica\u00e7\u00e3o de adrenalina e cortisol, acho que meus n\u00ed\u00adveis n\u00e3o abaixam. Ficam sempre elevados e por isso eu sou assim t\u00e3o maluca. Depress\u00e3o \u00e9 f$%#@&amp;! Eu quero a minha m\u00e3eeeeeeeee!<\/p>\n<p align=\"justify\"><!--more--><\/p>\n<p align=\"justify\">\u00c2\u00a0Acho que \u00e9 por isso que n\u00e3o aguento copa do mundo. Minha irm\u00e3 disse: Ah sua urubu de plant\u00e3o! Mas ningu\u00e9m consegue entender. Eu n\u00e3o gosto de copa (n\u00e3o mais) porque eu tor\u00e7o <em>demais<\/em>. Demais mesmo, eu passo mal, eu j\u00e1 n\u00e3o consigo mais, meu cora\u00e7\u00e3o n\u00e3o aguenta. Acho que j\u00e1 vivo num n\u00ed\u00advel muito elevado de adrenalina, noradrenalina, cortisona, ou seja l\u00e1 o que for, e meu corpo n\u00e3o aguenta mais.\u00c2\u00a0 Nem a cabe\u00e7a obviamente. Ent\u00e3o eu n\u00e3o vejo (tento n\u00e3o ver) n\u00e3o porque tor\u00e7a contra, de jeito nenhum. Mas porque tor\u00e7o <em>demais<\/em>. Eu sou assim muito freak mesmo.<\/p>\n<p align=\"justify\">Um dia um cara falou pra mim que eu vivo tudo amplificado, mas que eu n\u00e3o tinha como saber (como ali\u00e1s ningu\u00e9m tem) porque s\u00f3 tinha esse meu ponto de vista (d\u00e1 pra ter outro?). Acabo achando que ele tinha raz\u00e3o. E n\u00e3o \u00e9 que a danada da fibromialgia \u00e9 uma s\u00ed\u00adndrome de AMPLIFICA\u00ed\u2021\u00ed\u0192O DOLOROSA? Olha que pavoroso, amplifica\u00e7\u00e3o dolorosa, imagina, \u00e9 como se os neur\u00f4nios fossem fios desencapados, qualquer est\u00ed\u00admulo \u00ed\u00a0 dor \u00e9 quadriplicado. Tem gente com essa doen\u00e7a que n\u00e3o suporta nem ser abra\u00e7ado. D\u00f3i. J\u00e1 pensou que inferno \u00e9 viver num mundo onde ser abra\u00e7ado d\u00f3i? Eu fico com medo.<\/p>\n<p align=\"justify\">Ainda bem que tenho j\u00fapiter me salvando do pessimismo total. Eu posso at\u00e9 tentar, mas n\u00e3o consigo ser pessimista total, tem sempre algo aqui dentro meio Polliana. Acho que \u00e9 isso que me salva de afundar na depress\u00e3o.<\/p>\n<p align=\"justify\">Preciso sair logo desse umbiguismo, que \u00e9 muito chato, eu nem sou assim t\u00e3o interessante pra pensar em mim mesma o dia inteiro. Deve estar faltando \u00e9 um tanque de roupa suja. Ou um m\u00eas com sal\u00e1rio m\u00ed\u00adnimo.<\/p>\n<p align=\"justify\">\n","protected":false},"excerpt":{"rendered":"<p>Eu n\u00e3o estou bem. Deprimida, muito dolorida, cansada, com a sensa\u00e7\u00e3o de estagna\u00e7\u00e3o. Quem consegue ficar bem sentindo tanta dor? Minha cabe\u00e7a anda ruim demais, estou confusa, andando em c\u00ed\u00adrculo, com a n\u00ed\u00adtida sensa\u00e7\u00e3o de que n\u00e3o consigo sair do lugar. Deve ser porque eu realmente n\u00e3o tenho conserto. Ou vai ver que n\u00e3o consigo &hellip; <a href=\"https:\/\/nalua.in\/blog\/depre\/\" class=\"more-link\">Continuar lendo <span class=\"screen-reader-text\">Depr\u00ea<\/span><\/a><\/p>\n","protected":false},"author":1,"featured_media":0,"comment_status":"open","ping_status":"open","sticky":false,"template":"","format":"standard","meta":{"footnotes":""},"categories":[86],"tags":[],"class_list":["post-587","post","type-post","status-publish","format-standard","hentry","category-me-myself-an-i"],"_links":{"self":[{"href":"https:\/\/nalua.in\/blog\/wp-json\/wp\/v2\/posts\/587","targetHints":{"allow":["GET"]}}],"collection":[{"href":"https:\/\/nalua.in\/blog\/wp-json\/wp\/v2\/posts"}],"about":[{"href":"https:\/\/nalua.in\/blog\/wp-json\/wp\/v2\/types\/post"}],"author":[{"embeddable":true,"href":"https:\/\/nalua.in\/blog\/wp-json\/wp\/v2\/users\/1"}],"replies":[{"embeddable":true,"href":"https:\/\/nalua.in\/blog\/wp-json\/wp\/v2\/comments?post=587"}],"version-history":[{"count":0,"href":"https:\/\/nalua.in\/blog\/wp-json\/wp\/v2\/posts\/587\/revisions"}],"wp:attachment":[{"href":"https:\/\/nalua.in\/blog\/wp-json\/wp\/v2\/media?parent=587"}],"wp:term":[{"taxonomy":"category","embeddable":true,"href":"https:\/\/nalua.in\/blog\/wp-json\/wp\/v2\/categories?post=587"},{"taxonomy":"post_tag","embeddable":true,"href":"https:\/\/nalua.in\/blog\/wp-json\/wp\/v2\/tags?post=587"}],"curies":[{"name":"wp","href":"https:\/\/api.w.org\/{rel}","templated":true}]}}