{"id":563,"date":"2009-02-25T16:34:52","date_gmt":"2009-02-25T18:34:52","guid":{"rendered":"http:\/\/levezadoser.blog.br\/?p=563"},"modified":"2009-02-25T16:34:52","modified_gmt":"2009-02-25T18:34:52","slug":"guerra-civil","status":"publish","type":"post","link":"https:\/\/nalua.in\/blog\/guerra-civil\/","title":{"rendered":"guerra civil"},"content":{"rendered":"<div style=\"text-align: justify;\"><a href=\"http:\/\/nalu.in\/wp-content\/uploads\/2009\/02\/Salvador-Dali-A-Face-da-Guerra-1940.jpg\"><img loading=\"lazy\" decoding=\"async\" class=\"alignleft  wp-image-2505\" src=\"http:\/\/nalu.in\/wp-content\/uploads\/2009\/02\/Salvador-Dali-A-Face-da-Guerra-1940.jpg\" alt=\"Salvador Dali - A Face da Guerra 1940\" width=\"313\" height=\"261\" srcset=\"https:\/\/nalua.in\/blog\/wp-content\/uploads\/2009\/02\/Salvador-Dali-A-Face-da-Guerra-1940.jpg 640w, https:\/\/nalua.in\/blog\/wp-content\/uploads\/2009\/02\/Salvador-Dali-A-Face-da-Guerra-1940-300x250.jpg 300w\" sizes=\"auto, (max-width: 313px) 100vw, 313px\" \/><\/a><\/div>\n<div style=\"text-align: justify;\">\n<p style=\"text-align: center;\"><strong><em>\u00c9 contra mim que luto<br \/>\nN\u00e3o tenho outro inimigo.<br \/>\nO que penso o que sinto o que digo<br \/>\nE o que fa\u00e7o<br \/>\n\u00c9 que pede castigo<br \/>\nE desespera a lan\u00e7a no meu bra\u00e7o<\/em><\/strong><\/p>\n<p style=\"text-align: center;\"><strong><em>Absurda alian\u00e7a<br \/>\nDe crian\u00e7a e de adulto.<br \/>\nO que sou \u00e9 um insulto<br \/>\nAo que n\u00e3o sou<br \/>\nE combato esse vulto<br \/>\nQue \u00ed\u00a0 trai\u00e7\u00e3o me invadiu<br \/>\ne me ocupou<\/em><\/strong><\/p>\n<p style=\"text-align: center;\"><strong><em>Infeliz com loucura e sem loucura,<br \/>\nPeco \u00ed\u00a0 vida outra vida, outra aventura,<br \/>\nOutro incerto destino.<br \/>\nN\u00e3o me dou por vencido<br \/>\nNem convencido<br \/>\nE agrido em mim o homem e o menino.<\/em><\/strong><\/p>\n<p style=\"text-align: center;\">Miguel Torga<\/p>\n<p style=\"text-align: center;\">=====<\/p>\n<p>Como \u00e9 frustrante tentar e n\u00e3o conseguir. Tentar pela en\u00e9sima vez e n\u00e3o ter sucesso. Saber exatamente o que fazer e n\u00e3o conseguir. E ficar frente a frente com a pr\u00f3pria fraqueza, isso \u00e9 chato. Essa guerra eterna contra mim. Na verdade \u00e9 bem mais que chato, mas deixa estar&#8230;<br \/>\n&nbsp;\n<\/p><\/div>\n<p><!--more--><\/p>\n<p style=\"text-align: justify;\">E eu estou aqui e vivo esse momento lindo. E vou viver. Troquei a contagem de pontos que j\u00e1 estava me enjoando pela contagem de calorias. Embora esteja flertando mesmo com a antiga dieta das cores do VP, mas ainda n\u00e3o animei. Sigo tentando e n\u00e3o tenho engordado, tenho sentido menos fome. Comecei a tentar mastigar mais devagar, a comer mais devagar, porque percebi assustada como comia depressa. E tenho tratado de controlar a ansiedade e o destempero em que caio \u00ed\u00a0s vezes. Nossa, como eu queria logo emagrecer pra n\u00e3o precisar pensar nisso todo santo dia. Queria que os bons h\u00e1bitos se automatizassem logo de uma vez pra gastar energia noutras coisas mais legais. Assim, queria que comer menos e bem fosse um h\u00e1bito j\u00e1 incorporado, e que esse assunto chato n\u00e3o me consumisse tanto.<\/p>\n<p style=\"text-align: justify;\">Tenho que ter paci\u00eancia, muita paci\u00eancia comigo mesma, como se eu fosse minha filha querida. E isso estou tentando fazer, diariamente.<\/p>\n<p style=\"text-align: justify;\">Eu fico at\u00e9 com vergonha de dizer, dado o meu hist\u00f3rico de fracassos, mas tenho sentido que agora vai. Todo viciado diz isso n\u00e9? Pois \u00e9, mas as vezes vai mesmo, e quem sabe a hora n\u00e3o \u00e9 agora? E tamb\u00e9m n\u00e3o me resta muito mais do que tentar, nem que seja pra n\u00e3o engordar mais. A outra coisa que come\u00e7o a tentar \u00e9 a comer mais frutas, eu n\u00e3o tenho comido fruta nenhuma e isso n\u00e3o pode ser, mesmo pra quem n\u00e3o quer emagrecer, n\u00e3o pode ser.<\/p>\n<p style=\"text-align: justify;\">Tamb\u00e9m ando revendo a lista das 101 coisas. Segunda vou voltar pra yoga e come\u00e7ar a esbo\u00e7ar um plano de voltar a dan\u00e7ar. Devagar, ainda, mas vou esbo\u00e7ar.<\/p>\n<p style=\"text-align: justify;\">Andei usando mais lentes de contato, e fiz minhas unhas eu mesma dia desses, ficou t\u00e3o bonito&#8230; Mas ontem quebrou uma unha bem no meio da carne e eu tive que cortar todas bem curtinhas, a\u00ed\u00ad n\u00e3o animo a pintar. Ou talvez anime, sei l\u00e1.<\/p>\n<p style=\"text-align: justify;\">Amanh\u00e3 come\u00e7a o ano e sexta feira eu volto a trabalhar. Ah, viva a rotina, isso sim. E esse post enche\u00e7\u00e3o de lingui\u00e7a \u00e9 pra n\u00e3o me deixar esquecer. <a href=\"http:\/\/levezadeser.blogspot.com\/2005\/11\/exercitando-o-pensamento.html\" target=\"_blank\" rel=\"noopener\">Post melhor foi esse aqui,<\/a> fase em que eu realmente emagreci, e tive uma \u00f3tima experi\u00eancia com o blog.<\/p>\n<p style=\"text-align: center;\">=====<\/p>\n<p style=\"text-align: justify;\">Sugest\u00e3o de leitura para dias de guerra civil na cabe\u00e7a: <a href=\"http:\/\/livros.in.blog.br\/fazer-da-mente-uma-aliada\/\" target=\"_blank\" rel=\"noopener\">Fazer da Mente uma Aliada<\/a><\/p>\n<p style=\"text-align: justify;\">E voc\u00ea tamb\u00e9m pode ouvir essa m\u00fasica que ajuda. \u00c9 s\u00f3 clicar play.<\/p>\n<p><a href=\"http:\/\/www.divshare.com\/flash\/playlist?myId=5767601-876\">http:\/\/www.divshare.com\/flash\/playlist?myId=5767601-876<\/a><br \/>\nE fique em paz.<\/p>\n<p style=\"text-align: center;\">=====<\/p>\n<p style=\"text-align: left;\"><em style=\"font-size: .8em;\">Figura: Premoni\u00e7\u00e3o da Guerra, Salvador Dali<\/em><\/p>\n","protected":false},"excerpt":{"rendered":"<p>\u00c9 contra mim que luto N\u00e3o tenho outro inimigo. O que penso o que sinto o que digo E o que fa\u00e7o \u00c9 que pede castigo E desespera a lan\u00e7a no meu bra\u00e7o Absurda alian\u00e7a De crian\u00e7a e de adulto. O que sou \u00e9 um insulto Ao que n\u00e3o sou E combato esse vulto Que &hellip; <a href=\"https:\/\/nalua.in\/blog\/guerra-civil\/\" class=\"more-link\">Continuar lendo <span class=\"screen-reader-text\">guerra civil<\/span><\/a><\/p>\n","protected":false},"author":1,"featured_media":0,"comment_status":"open","ping_status":"open","sticky":false,"template":"","format":"standard","meta":{"footnotes":""},"categories":[68],"tags":[102,104,113],"class_list":["post-563","post","type-post","status-publish","format-standard","hentry","category-preciso","tag-meditacao","tag-metas","tag-recomecar"],"_links":{"self":[{"href":"https:\/\/nalua.in\/blog\/wp-json\/wp\/v2\/posts\/563","targetHints":{"allow":["GET"]}}],"collection":[{"href":"https:\/\/nalua.in\/blog\/wp-json\/wp\/v2\/posts"}],"about":[{"href":"https:\/\/nalua.in\/blog\/wp-json\/wp\/v2\/types\/post"}],"author":[{"embeddable":true,"href":"https:\/\/nalua.in\/blog\/wp-json\/wp\/v2\/users\/1"}],"replies":[{"embeddable":true,"href":"https:\/\/nalua.in\/blog\/wp-json\/wp\/v2\/comments?post=563"}],"version-history":[{"count":0,"href":"https:\/\/nalua.in\/blog\/wp-json\/wp\/v2\/posts\/563\/revisions"}],"wp:attachment":[{"href":"https:\/\/nalua.in\/blog\/wp-json\/wp\/v2\/media?parent=563"}],"wp:term":[{"taxonomy":"category","embeddable":true,"href":"https:\/\/nalua.in\/blog\/wp-json\/wp\/v2\/categories?post=563"},{"taxonomy":"post_tag","embeddable":true,"href":"https:\/\/nalua.in\/blog\/wp-json\/wp\/v2\/tags?post=563"}],"curies":[{"name":"wp","href":"https:\/\/api.w.org\/{rel}","templated":true}]}}