{"id":541,"date":"2009-01-11T22:18:25","date_gmt":"2009-01-12T00:18:25","guid":{"rendered":"http:\/\/levezadoser.blog.br\/cenizas-de-rosas\/"},"modified":"2009-01-11T22:18:25","modified_gmt":"2009-01-12T00:18:25","slug":"cenizas-de-rosas","status":"publish","type":"post","link":"https:\/\/nalua.in\/blog\/cenizas-de-rosas\/","title":{"rendered":"cenizas de rosas"},"content":{"rendered":"<p style=\"text-align: center;\"><em><strong><br \/>\n<a href=\"http:\/\/nalu.in\/wp-content\/uploads\/2009\/01\/oculosrosa.jpg\"><img loading=\"lazy\" decoding=\"async\" class=\"alignleft  wp-image-2506\" src=\"http:\/\/nalu.in\/wp-content\/uploads\/2009\/01\/oculosrosa.jpg\" alt=\"oculosrosa\" width=\"243\" height=\"161\" srcset=\"https:\/\/nalua.in\/blog\/wp-content\/uploads\/2009\/01\/oculosrosa.jpg 425w, https:\/\/nalua.in\/blog\/wp-content\/uploads\/2009\/01\/oculosrosa-300x199.jpg 300w\" sizes=\"auto, (max-width: 243px) 100vw, 243px\" \/><\/a>A agonia da ultrapassagem das limita\u00e7\u00f5es pessoais \u00e9 a agonia do crescimento espiritual.<\/strong><\/em><\/p>\n<p style=\"text-align: center;\">Joseph Campbell<\/p>\n<p style=\"text-align: justify;\">=====<\/p>\n<p style=\"text-align: justify;\">Esses dias t\u00eam sido dif\u00ed\u00adceis. N\u00e3o no setor emagrecimento, em outros. Dif\u00ed\u00adceis emocionalmente. N\u00e3o tem nada acontecendo, est\u00e1 tudo nos lugares, mas uma sensa\u00e7\u00e3o inc\u00f4moda n\u00e3o me larga e eu n\u00e3o sei o que fazer com ela. \u00c9 algo que t\u00e1 ultrapassando minha capacidade racional de lidar. Isso que \u00e9 chato demais. Ficar deprimido sem motivo. \u00c9 chato, \u00e9 feio, mas est\u00e1 a\u00ed\u00ad. E eu nem fico reclamando, me controlo bem, mas de vez em quando n\u00e3o sei onde deixo meu \u00f3culos cor de rosa. E isso eu preciso aceitar, eu venho de uma linhagem de <em>deprimidas end\u00f3genas<\/em> e tenho que aprender a lidar com isso. E at\u00e9 que estou me saindo bem no geral&#8230;<\/p>\n<p style=\"text-align: justify;\"><!--more--><\/p>\n<p style=\"text-align: justify;\">Talve<a href=\"http:\/\/nalu.in\/wp-content\/uploads\/2009\/01\/Inanna.jpg\"><img loading=\"lazy\" decoding=\"async\" class=\"wp-image-2508 alignright\" src=\"http:\/\/nalu.in\/wp-content\/uploads\/2009\/01\/Inanna-755x1024.jpg\" alt=\"Inanna\" width=\"223\" height=\"302\" srcset=\"https:\/\/nalua.in\/blog\/wp-content\/uploads\/2009\/01\/Inanna-755x1024.jpg 755w, https:\/\/nalua.in\/blog\/wp-content\/uploads\/2009\/01\/Inanna-221x300.jpg 221w, https:\/\/nalua.in\/blog\/wp-content\/uploads\/2009\/01\/Inanna-768x1042.jpg 768w, https:\/\/nalua.in\/blog\/wp-content\/uploads\/2009\/01\/Inanna.jpg 800w\" sizes=\"auto, (max-width: 223px) 100vw, 223px\" \/><\/a>z seja o estresse de viagem. S\u00e1bado vou pra Buenos Aires e fico l\u00e1 at\u00e9 dia 31. Ent\u00e3o est\u00e1 tudo suspenso. Na verdade est\u00e1 tudo suspenso desde 8 de dezembro, porque n\u00e3o tenho como entrar numa rotina agora.<\/p>\n<p style=\"text-align: justify;\">Depois tiro alguns dias de f\u00e9rias, mas a\u00ed\u00ad n\u00e3o vou viajar, e vai ser bom porque vou ficar em casa e acho que vai dar tempo de montar uma rotina legal. Que s\u00f3 vai se firmar mesmo depois do carnaval, visto que vou emendar a licen\u00e7a-capacita\u00e7\u00e3o e as f\u00e9rias. N\u00e3o tenho tido muita vontade de comer, n\u00e3o tenho tido crises de compuls\u00e3o. Mas n\u00e3o estou seguindo programa nenhum. E nem vou come\u00e7ar a seguir agroa um programa, porque na Argentina vai ser dificil de manter e nem \u00e9 por causa do excesso, que eu nem comi muito l\u00e1 de nenhuma das vezes, \u00e9 mais pela falta de tempo e de op\u00e7\u00e3o.<\/p>\n<p style=\"text-align: justify;\"><a href=\"http:\/\/nalu.in\/wp-content\/uploads\/2009\/01\/2014-12-18-22-54-24-Screenshot.png\"><img loading=\"lazy\" decoding=\"async\" class=\"alignleft  wp-image-2509\" src=\"http:\/\/nalu.in\/wp-content\/uploads\/2009\/01\/2014-12-18-22-54-24-Screenshot.png\" alt=\"2014-12-18 22-54-24 Screenshot\" width=\"238\" height=\"374\" srcset=\"https:\/\/nalua.in\/blog\/wp-content\/uploads\/2009\/01\/2014-12-18-22-54-24-Screenshot.png 477w, https:\/\/nalua.in\/blog\/wp-content\/uploads\/2009\/01\/2014-12-18-22-54-24-Screenshot-191x300.png 191w\" sizes=\"auto, (max-width: 238px) 100vw, 238px\" \/><\/a>Ent\u00e3o mais uma vez a sensa\u00e7\u00e3o de que tudo fica pra depois. Preciso resolver essa coisa de n\u00e3o estar bem emocionalmente e agora tamb\u00e9m n\u00e3o tem muito jeito.<br \/>\nTalvez passe sozinho, mas est\u00e1 demorando muito desta vez, e eu j\u00e1 estou muito estressada. De toda forma, agora \u00e9 hora de trabalhar muito, essa semana vai ser ultra corrida muita coisa pra resolver, muita provid\u00eancia pra tomar e nem vou poder vir aqui direito.<\/p>\n<p style=\"text-align: justify;\">Tamb\u00e9m n\u00e3o me sai da cabe\u00e7a a id\u00e9ia de fechar esse blog, sempre me pergunto pra qu\u00ea manter isso aqui&#8230;Eu gosto dele, adoro quem comenta aqui, mas&#8230;<\/p>\n<p style=\"text-align: justify;\">(E agora percebo que vem pela frente uma viagem a minha cidade querida, depois f\u00e9rias&#8230;Se isso n\u00e3o curar essa <em>ziquizira<\/em>, nem posso imaginar o que mais curaria. :o)<\/p>\n<p style=\"text-align: justify;\">Quero falar tamb\u00e9m das leituras, da jornada do her\u00f3i, do Campbell, mas vai ficar pra fevereiro&#8230;<\/p>\n<p style=\"text-align: center;\">=====<\/p>\n<p style=\"text-align: justify;\">Engra\u00e7ado \u00e9 que eu estou envolvida com o <a href=\"http:\/\/www.clubedotaro.com.br\/site\/m32_13_sem_nome.asp\" target=\"_blank\" rel=\"noopener\">Arcano<\/a> <a href=\"http:\/\/pt.wikipedia.org\/wiki\/A_Morte_(Tarot)\" target=\"_blank\" rel=\"noopener\">Sem Nome<\/a> do tar\u00f4 e com a mitologia de <a href=\"http:\/\/www.rosanevolpatto.trd.br\/deusainanna.htm\" target=\"_blank\" rel=\"noopener\">Inanna<\/a> &#8230; Apegada ainda a coisas que j\u00e1 n\u00e3o tem mais sentido e ao mesmo tempo precisando fazer a passagem pra outras coisas, mudar de ciclo mais uma vez, eu acho. Precisando fazer a descida e retornar. Preciso descobrir o que precisa morrer e eu n\u00e3o estou sabendo deixar. Esse \u00e9 o tema.<\/p>\n","protected":false},"excerpt":{"rendered":"<p>A agonia da ultrapassagem das limita\u00e7\u00f5es pessoais \u00e9 a agonia do crescimento espiritual. Joseph Campbell ===== Esses dias t\u00eam sido dif\u00ed\u00adceis. N\u00e3o no setor emagrecimento, em outros. Dif\u00ed\u00adceis emocionalmente. N\u00e3o tem nada acontecendo, est\u00e1 tudo nos lugares, mas uma sensa\u00e7\u00e3o inc\u00f4moda n\u00e3o me larga e eu n\u00e3o sei o que fazer com ela. \u00c9 algo &hellip; <a href=\"https:\/\/nalua.in\/blog\/cenizas-de-rosas\/\" class=\"more-link\">Continuar lendo <span class=\"screen-reader-text\">cenizas de rosas<\/span><\/a><\/p>\n","protected":false},"author":1,"featured_media":0,"comment_status":"open","ping_status":"open","sticky":false,"template":"","format":"standard","meta":{"footnotes":""},"categories":[83],"tags":[],"class_list":["post-541","post","type-post","status-publish","format-standard","hentry","category-sofrimento"],"_links":{"self":[{"href":"https:\/\/nalua.in\/blog\/wp-json\/wp\/v2\/posts\/541","targetHints":{"allow":["GET"]}}],"collection":[{"href":"https:\/\/nalua.in\/blog\/wp-json\/wp\/v2\/posts"}],"about":[{"href":"https:\/\/nalua.in\/blog\/wp-json\/wp\/v2\/types\/post"}],"author":[{"embeddable":true,"href":"https:\/\/nalua.in\/blog\/wp-json\/wp\/v2\/users\/1"}],"replies":[{"embeddable":true,"href":"https:\/\/nalua.in\/blog\/wp-json\/wp\/v2\/comments?post=541"}],"version-history":[{"count":0,"href":"https:\/\/nalua.in\/blog\/wp-json\/wp\/v2\/posts\/541\/revisions"}],"wp:attachment":[{"href":"https:\/\/nalua.in\/blog\/wp-json\/wp\/v2\/media?parent=541"}],"wp:term":[{"taxonomy":"category","embeddable":true,"href":"https:\/\/nalua.in\/blog\/wp-json\/wp\/v2\/categories?post=541"},{"taxonomy":"post_tag","embeddable":true,"href":"https:\/\/nalua.in\/blog\/wp-json\/wp\/v2\/tags?post=541"}],"curies":[{"name":"wp","href":"https:\/\/api.w.org\/{rel}","templated":true}]}}