{"id":530,"date":"2009-01-08T18:04:37","date_gmt":"2009-01-08T20:04:37","guid":{"rendered":"http:\/\/levezadoser.blog.br\/de-volta\/"},"modified":"2009-01-08T18:04:37","modified_gmt":"2009-01-08T20:04:37","slug":"de-volta","status":"publish","type":"post","link":"https:\/\/nalua.in\/blog\/de-volta\/","title":{"rendered":"de volta"},"content":{"rendered":"<p style=\"text-align: center;\"><strong><em>As oportunidades para procurar for\u00e7as mais profundas em n\u00f3s mesmos v\u00eam quando a vida parece mais desafiadora.<\/em><\/strong><\/p>\n<p style=\"text-align: center;\">Joseph Campbell<\/p>\n<p style=\"text-align: justify;\"><a href=\"http:\/\/nalu.in\/wp-content\/uploads\/2009\/01\/jornadaher.jpg\" target=\"_blank\" rel=\"http:\/\/nalu.in\/wp-content\/uploads\/2009\/01\/jornadaher.jpg noopener\"><img loading=\"lazy\" decoding=\"async\" class=\"alignleft wp-image-2512\" src=\"http:\/\/nalu.in\/wp-content\/uploads\/2009\/01\/jornadaher-1018x1024.jpg\" alt=\"jornadaher\" width=\"345\" height=\"347\" \/><\/a>Voltei. Ainda meio devagar, ainda meio entorpecida e sem muito pra escrever, por enquanto. Eu ando altamente monotem\u00e1tica e o assunto que me enche os olhos nesse momento \u00e9 a <a href=\"http:\/\/livros.nalu.in\/o-heroi-de-mil-faces\/\" target=\"_blank\" rel=\"noopener\">Jornada do Her\u00f3i<\/a>. E por causa dela, descubro a Viagem do Her\u00f3i no Tar\u00f4. Coisa linda, estou amando. E de quebra v\u00eam mitos, Jung, s\u00ed\u00admbolos mil. Estou fervendo internamente. N\u00e3o consigo articular tudo que queria, o assunto est\u00e1 gestando ainda na minha cabe\u00e7a de poucos recursos, e me faz \u00ed\u00a0s vezes perder o sono. \u00c9 assim sempre que acho que estou vendo de novo um sentido pra tudo, ou pra algumas coisas, ou somente Sentido. E em momentos que tenho a ilus\u00e3o delirante que posso dar sentido a algo, j\u00e1 que sentido nada tem.<\/p>\n<p style=\"text-align: center;\">=====<\/p>\n<p style=\"text-align: justify;\">O bom \u00e9 que n\u00e3o engordei na casa da sogra. Tamb\u00e9m, a comida dela al\u00e9m de deliciosa \u00e9 muito, muito saud\u00e1vel. Quisera eu poder fazer coisas t\u00e3o saud\u00e1veis e com tanta frequ\u00eancia.<\/p>\n","protected":false},"excerpt":{"rendered":"<p>As oportunidades para procurar for\u00e7as mais profundas em n\u00f3s mesmos v\u00eam quando a vida parece mais desafiadora. Joseph Campbell Voltei. Ainda meio devagar, ainda meio entorpecida e sem muito pra escrever, por enquanto. Eu ando altamente monotem\u00e1tica e o assunto que me enche os olhos nesse momento \u00e9 a Jornada do Her\u00f3i. E por causa &hellip; <a href=\"https:\/\/nalua.in\/blog\/de-volta\/\" class=\"more-link\">Continuar lendo <span class=\"screen-reader-text\">de volta<\/span><\/a><\/p>\n","protected":false},"author":1,"featured_media":0,"comment_status":"open","ping_status":"open","sticky":false,"template":"","format":"standard","meta":{"footnotes":""},"categories":[1],"tags":[],"class_list":["post-530","post","type-post","status-publish","format-standard","hentry","category-uncategorized"],"_links":{"self":[{"href":"https:\/\/nalua.in\/blog\/wp-json\/wp\/v2\/posts\/530","targetHints":{"allow":["GET"]}}],"collection":[{"href":"https:\/\/nalua.in\/blog\/wp-json\/wp\/v2\/posts"}],"about":[{"href":"https:\/\/nalua.in\/blog\/wp-json\/wp\/v2\/types\/post"}],"author":[{"embeddable":true,"href":"https:\/\/nalua.in\/blog\/wp-json\/wp\/v2\/users\/1"}],"replies":[{"embeddable":true,"href":"https:\/\/nalua.in\/blog\/wp-json\/wp\/v2\/comments?post=530"}],"version-history":[{"count":0,"href":"https:\/\/nalua.in\/blog\/wp-json\/wp\/v2\/posts\/530\/revisions"}],"wp:attachment":[{"href":"https:\/\/nalua.in\/blog\/wp-json\/wp\/v2\/media?parent=530"}],"wp:term":[{"taxonomy":"category","embeddable":true,"href":"https:\/\/nalua.in\/blog\/wp-json\/wp\/v2\/categories?post=530"},{"taxonomy":"post_tag","embeddable":true,"href":"https:\/\/nalua.in\/blog\/wp-json\/wp\/v2\/tags?post=530"}],"curies":[{"name":"wp","href":"https:\/\/api.w.org\/{rel}","templated":true}]}}