{"id":491,"date":"2012-02-05T05:49:41","date_gmt":"2012-02-05T11:49:41","guid":{"rendered":"http:\/\/livros.in.blog.br\/?p=491"},"modified":"2023-05-30T20:12:49","modified_gmt":"2023-05-30T20:12:49","slug":"paula","status":"publish","type":"post","link":"https:\/\/nalua.in\/blog\/paula\/","title":{"rendered":"Paula"},"content":{"rendered":"<p><img loading=\"lazy\" decoding=\"async\" class=\"size-medium wp-image-165076 aligncenter\" src=\"https:\/\/nalua.in\/blog\/wp-content\/uploads\/2012\/02\/paulaisabelallende-197x300.jpg\" alt=\"\" width=\"197\" height=\"300\" srcset=\"https:\/\/nalua.in\/blog\/wp-content\/uploads\/2012\/02\/paulaisabelallende-197x300.jpg 197w, https:\/\/nalua.in\/blog\/wp-content\/uploads\/2012\/02\/paulaisabelallende.jpg 350w\" sizes=\"auto, (max-width: 197px) 100vw, 197px\" \/><\/p>\n<p style=\"text-align: justify;\"><del>Esse \u00e9 o primeiro livro que eu leio em espanhol. Eu j\u00e1 tinha come\u00e7ado outros dois, O Tempo entre Costuras e Cr\u00f3nica del pajaro que d\u00e1 corda al mundo, mas n\u00e3o sei exatamente porque, a leitura de nenhum dos dois engrenou<\/del>. A\u00ed\u00ad ontem tamb\u00e9m n\u00e3o sei porque comecei a ler Paula. Nossa, que livro lindo! T\u00e1 fluindo muito bem a leitura e eu estou amando. Que livro lindo, bem escrito, emocionante. Ajudou tamb\u00e9m o fato de que eu estou lendo em <em>ebook <\/em>e baixei um programa \u00f3timo pra ler (depois de testar uns 10 ou mais), que tem muitos recursos, dicion\u00e1rio, \u00e9 f\u00e1cil sublinhar e tomar notas nele.<\/p>\n<hr \/>\n<p>T\u00ed\u00adtulo <span style=\"text-decoration: underline;\"><strong>Paula<\/strong><\/span><br \/>\nAutor: Isabel Allende<br \/>\nSello DEBOLSILLO<br \/>\nFecha publicaci\u00f3n 07\/2009<br \/>\nFormato BOLSILLO<br \/>\nP\u00e1ginas 432<br \/>\nMedidas 125 X 190 mm<br \/>\nISBN 9788497593885<br \/>\nEAN 9788497593885<br \/>\nIdioma Espa\u00f1ol<br \/>\nTem\u00e1tica Novela<br \/>\nColecci\u00f3n CONTEMPORANEA<\/p>\n<p style=\"text-align: justify;\"><strong>El libro m\u00e1s conmovedor, m\u00e1s personal y m\u00e1s \u00ed\u00adntimo de Isabel Allende.<\/strong><\/p>\n<p style=\"text-align: justify;\"><em>Paula es el libro m\u00e1s conmovedor, m\u00e1s personal y m\u00e1s \u00ed\u00adntimo de Isabel Allende. Junto al lecho en que agonizaba su hija Paula, la gran narradora chilena escribi\u00f3 la historia de su familia y de s\u00ed\u00ad misma con el prop\u00f3sito de regal\u00e1rsela a Paula cuando \u00e9sta superara el dram\u00e1tico trance. El resultado se convirti\u00f3 en un autorretrato de ins\u00f3lita emotividad y en una exquisita recreaci\u00f3n de la sensibilidad de las mujeres de nuestra \u00e9poca.<\/em><\/p>\n<hr \/>\n<p style=\"text-align: justify;\"><em>Un autorretrato de ins\u00f3lita emotividad al tiempo que exquisita recreaci\u00f3n de la sensibilidad de las mujeres de nuestra \u00e9poca.<\/em><br \/>\n<em> Cualquier libro de Isabel Allende es un acontecimiento. Paula lo es especialmente porque se trata del m\u00e1s conmovedor, personal e \u00ed\u00adntimo de todos los libros que ha publicado hasta la fecha. Cuando la gran autora chilena se encontraba en Espa\u00f1a con ocasi\u00f3n de la presentaci\u00f3n de El plan infinito, su hija Paula entr\u00f3 en estado de coma. Junto al lecho de Paula, mientras segu\u00ed\u00ada con angustia la evoluci\u00f3n de su enfermedad, Isabel Allende comenz\u00f3 a redactar en un cuaderno la historia de su familia y de s\u00ed\u00ad misma con el prop\u00f3sito de regal\u00e1rsela a su hija una vez superara el dram\u00e1tico trance. Sin embargo, \u00e9ste se prolong\u00f3 durante meses y los apuntes de la autora acabaron convirti\u00e9ndose en un libro apasionante y revelador. Isabel Allende ejerce aqu\u00ed\u00ad su prodigioso talento narrativo para recuperar y asumir sus propias vivencias como mujer y como escritora, as\u00ed\u00ad como las de su familia y las de la historia reciente de su pa\u00ed\u00ads. Autorretrato de ins\u00f3lita emotividad al tiempo que exquisita recreaci\u00f3n de la sensibilidad de las mujeres de nuestra \u00e9poca, Paula perdura en el \u00e1nimo del lector con la intensidad de una experiencia indeleble.<\/em><\/p>\n<hr \/>\n<p style=\"text-align: justify;\">Atualiza\u00e7\u00e3o. Eu achei que esse era o primeiro livro que eu lia todo em espanhol. Mas n\u00e3o \u00e9. Eu li dois de dieta quando vim da Argentina, os dois inteiros, e depois comecei El Tiempo entres costuras, que n\u00e3o engrenei, e Cr\u00f3nica del P\u00e1jaro Que da Cuerda Al Mundo, O Susurro da Mujer Ballena que li quase todo e n\u00e3o terminei porque perdi quase no fim. E j\u00e1 li poesia do Pablo Neruda, tamb\u00e9m. Minha mem\u00f3ria anda p\u00e9ssima.<\/p>\n<div id=\"-chrome-auto-translate-plugin-dialog\" style=\"opacity: 1 !important; background-image: initial !important; background-attachment: initial !important; background-origin: initial !important; background-clip: initial !important; background-color: transparent !important; position: absolute !important; top: 0; left: 0; overflow-x: visible !important; overflow-y: visible !important; z-index: 999999 !important; text-align: left !important; display: none; background-position: initial initial !important; background-repeat: initial initial !important; padding: 0!important; margin: 0!important;\">\n<div style=\"max-width: 300px !important; color: #fafafa !important; opacity: .8 !important; border-color: #000000!important; border-width: 0!important; -webkit-border-radius: 10px !important; background-color: #363636 !important; font-size: 16px !important; padding: 8px!important; overflow: visible !important; background-image: -webkit-gradient(linear,left top,right bottom,color-stop(0%,#000),color-stop(50%,#363636),color-stop(100%,#000)); z-index: 999999 !important; text-align: left !important;\"><\/div>\n<p><img decoding=\"async\" style=\"position: absolute !important; z-index: -1 !important; right: 1px !important; top: -20px !important; cursor: pointer !important; -webkit-border-radius: 20px; background-color: rgba(200,200,200,0.3) !important; padding: 3px 5px 0!important; margin: 0!important;\" src=\"http:\/\/www.google.com\/uds\/css\/small-logo.png\" alt=\"\" \/><\/p>\n<\/div>\n","protected":false},"excerpt":{"rendered":"<p>Esse \u00e9 o primeiro livro que eu leio em espanhol. Eu j\u00e1 tinha come\u00e7ado outros dois, O Tempo entre Costuras e Cr\u00f3nica del pajaro que d\u00e1 corda al mundo, mas n\u00e3o sei exatamente porque, a leitura de nenhum dos dois engrenou. A\u00ed\u00ad ontem tamb\u00e9m n\u00e3o sei porque comecei a ler Paula. Nossa, que livro lindo! &hellip; <a href=\"https:\/\/nalua.in\/blog\/paula\/\" class=\"more-link\">Continuar lendo <span class=\"screen-reader-text\">Paula<\/span><\/a><\/p>\n","protected":false},"author":1,"featured_media":0,"comment_status":"closed","ping_status":"open","sticky":false,"template":"","format":"standard","meta":{"footnotes":""},"categories":[13,38,39,42,44],"tags":[],"class_list":["post-491","post","type-post","status-publish","format-standard","hentry","category-biografia","category-leituras","category-lendo","category-literatura","category-livros"],"_links":{"self":[{"href":"https:\/\/nalua.in\/blog\/wp-json\/wp\/v2\/posts\/491","targetHints":{"allow":["GET"]}}],"collection":[{"href":"https:\/\/nalua.in\/blog\/wp-json\/wp\/v2\/posts"}],"about":[{"href":"https:\/\/nalua.in\/blog\/wp-json\/wp\/v2\/types\/post"}],"author":[{"embeddable":true,"href":"https:\/\/nalua.in\/blog\/wp-json\/wp\/v2\/users\/1"}],"replies":[{"embeddable":true,"href":"https:\/\/nalua.in\/blog\/wp-json\/wp\/v2\/comments?post=491"}],"version-history":[{"count":3,"href":"https:\/\/nalua.in\/blog\/wp-json\/wp\/v2\/posts\/491\/revisions"}],"predecessor-version":[{"id":165078,"href":"https:\/\/nalua.in\/blog\/wp-json\/wp\/v2\/posts\/491\/revisions\/165078"}],"wp:attachment":[{"href":"https:\/\/nalua.in\/blog\/wp-json\/wp\/v2\/media?parent=491"}],"wp:term":[{"taxonomy":"category","embeddable":true,"href":"https:\/\/nalua.in\/blog\/wp-json\/wp\/v2\/categories?post=491"},{"taxonomy":"post_tag","embeddable":true,"href":"https:\/\/nalua.in\/blog\/wp-json\/wp\/v2\/tags?post=491"}],"curies":[{"name":"wp","href":"https:\/\/api.w.org\/{rel}","templated":true}]}}