{"id":453,"date":"2008-08-24T21:03:09","date_gmt":"2008-08-25T00:03:09","guid":{"rendered":"http:\/\/nalu.in\/?p=453"},"modified":"2008-08-24T21:03:09","modified_gmt":"2008-08-25T00:03:09","slug":"a-insustentavel-leveza-do-ser","status":"publish","type":"post","link":"https:\/\/nalua.in\/blog\/a-insustentavel-leveza-do-ser\/","title":{"rendered":"a insustent\u00e1vel leveza do ser"},"content":{"rendered":"<p><img loading=\"lazy\" decoding=\"async\" style=\"margin: 0px 5px 5px 0px\" src=\"http:\/\/levezadoser.blog.br\/imagens\/pluma.jpg\" alt=\"\" width=\"300\" height=\"387\" align=\"left\" \/><\/p>\n<p align=\"justify\"><em>&#8220;Se cada segundo de nossas vidas repete-se infinitas vezes, somos pregados \u00ed\u00a0 eternidade feito Jesus Cristo na cruz. \u00c9 uma perspectiva aterrorizante. No mundo do eterno retorno, o peso da responsabilidade insuport\u00e1vel recai sobre cada movimento que fazemos. \u00c9 por isso que Nietzsche chamou a id\u00e9ia do eterno retorno o mais pesado dos fardos (das schwerste Gewicht). <\/em><\/p>\n<p align=\"justify\"><em>Se o eterno retorno \u00e9 o mais pesado dos fardos, ent\u00e3o nossas vidas contrap\u00f5em-se a ele em toda a sua espl\u00eandida leveza. <\/em><\/p>\n<p align=\"justify\"><em>Mas ser\u00e1 o peso de fato deplor\u00e1vel, e espl\u00eandida a leveza? <\/em><\/p>\n<p align=\"justify\"><em>O mais pesado dos fardos nos esmaga; sob seu peso, afundamos, somos pregados ao ch\u00e3o. E, no entanto, na poesia amorosa de todas as \u00e9pocas, a mulher anseia por sucumbir ao peso do corpo do homem. O mais pesado dos fardos \u00e9, pois, simultaneamente, uma imagem da mais intensa plenitude da vida. Quanto mais pesado o fardo, mais nossas vidas se aproximam da terra, fazendo-se tanto mais reais e verdadeiras. <\/em><\/p>\n<p align=\"justify\"><em>Inversamente, a aus\u00eancia absoluta de um fardo faz com que o homem se torne mais leve do que o ar, f\u00e1-lo al\u00e7ar-se \u00ed\u00a0s alturas, abandonar a terra e sua exist\u00eancia terrena, tornando-o apenas parcialmente real, seus movimentos t\u00e3o livres quanto insignificantes. <\/em><\/p>\n<p align=\"justify\"><em>O que escolheremos ent\u00e3o? O peso ou a leveza? <\/em><\/p>\n<p align=\"justify\"><em>Parm\u00eanides levantou essa mesma quest\u00e3o no sexto s\u00e9culo antes de Cristo. Ele via o mundo dividido em pares opostos: luz\/escurid\u00e3o, fineza\/rudeza, calor\/frio, ser\/n\u00e3o-ser. A uma metade da oposi\u00e7\u00e3o, chamou positiva (luz, fineza, calor, ser); \u00ed\u00a0 outra, negativa. N\u00f3s poder\u00ed\u00adamos achar essa divis\u00e3o em um p\u00f3lo positivo e outro negativo infantilmente simples, n\u00e3o fosse por uma dificuldade: qual \u00e9 o positivo, o peso ou a leveza? <\/em><\/p>\n<p align=\"justify\"><em>Parm\u00eanides respondeu: a leveza \u00e9 positiva; o peso, negativo. <\/em><\/p>\n<p align=\"justify\"><em>Tinha ou n\u00e3o raz\u00e3o? Essa \u00e9 a quest\u00e3o. Certo \u00e9 apenas que a oposi\u00e7\u00e3o leveza\/peso \u00e9 a mais misteriosa, a mais amb\u00ed\u00adgua de todas.&#8221; <\/em><\/p>\n<p align=\"justify\"><em>======<\/em><\/p>\n<p align=\"justify\"><em><\/em><\/p>\n<p align=\"justify\">Foi esse trecho do livro <strong><a href=\"http:\/\/pt.wikipedia.org\/wiki\/A_Insustent%C3%A1vel_Leveza_do_Ser\" target=\"_blank\" rel=\"noopener\">A Insustent\u00e1vel Leveza do Ser<\/a><\/strong> que inspirou o t\u00ed\u00adtulo do blog Leveza do Ser. Eu li esse livro em 1988, com 16 anos e amei. Ficou marcado em mim. E essa id\u00e9ia de peso\/leveza tamb\u00e9m.<\/p>\n<p align=\"justify\">E postei iso aqui, porque esse pedacinho do livro chegou at\u00e9 mim acidentalmente hoje e me deu uma nostalgia imensa.<\/p>\n<p align=\"justify\">Esse trecho acima foi retirado do site:<a title=\"http:\/\/www.lumiarte.com\/luardeoutono\/leveza3.html\" href=\"http:\/\/www.lumiarte.com\/luardeoutono\/leveza3.html\">http:\/\/www.lumiarte.com\/luardeoutono\/leveza3.html<\/a> Eu coloquei o trecho do site, porque gostei mais dessa tradu\u00e7\u00e3o do que da do pr\u00f3prio livro que eu li e ainda tenho.<\/p>\n","protected":false},"excerpt":{"rendered":"<p>&#8220;Se cada segundo de nossas vidas repete-se infinitas vezes, somos pregados \u00ed\u00a0 eternidade feito Jesus Cristo na cruz. \u00c9 uma perspectiva aterrorizante. No mundo do eterno retorno, o peso da responsabilidade insuport\u00e1vel recai sobre cada movimento que fazemos. \u00c9 por isso que Nietzsche chamou a id\u00e9ia do eterno retorno o mais pesado dos fardos (das &hellip; <a href=\"https:\/\/nalua.in\/blog\/a-insustentavel-leveza-do-ser\/\" class=\"more-link\">Continuar lendo <span class=\"screen-reader-text\">a insustent\u00e1vel leveza do ser<\/span><\/a><\/p>\n","protected":false},"author":1,"featured_media":0,"comment_status":"open","ping_status":"open","sticky":false,"template":"","format":"standard","meta":{"footnotes":""},"categories":[40],"tags":[],"class_list":["post-453","post","type-post","status-publish","format-standard","hentry","category-leveza"],"_links":{"self":[{"href":"https:\/\/nalua.in\/blog\/wp-json\/wp\/v2\/posts\/453","targetHints":{"allow":["GET"]}}],"collection":[{"href":"https:\/\/nalua.in\/blog\/wp-json\/wp\/v2\/posts"}],"about":[{"href":"https:\/\/nalua.in\/blog\/wp-json\/wp\/v2\/types\/post"}],"author":[{"embeddable":true,"href":"https:\/\/nalua.in\/blog\/wp-json\/wp\/v2\/users\/1"}],"replies":[{"embeddable":true,"href":"https:\/\/nalua.in\/blog\/wp-json\/wp\/v2\/comments?post=453"}],"version-history":[{"count":0,"href":"https:\/\/nalua.in\/blog\/wp-json\/wp\/v2\/posts\/453\/revisions"}],"wp:attachment":[{"href":"https:\/\/nalua.in\/blog\/wp-json\/wp\/v2\/media?parent=453"}],"wp:term":[{"taxonomy":"category","embeddable":true,"href":"https:\/\/nalua.in\/blog\/wp-json\/wp\/v2\/categories?post=453"},{"taxonomy":"post_tag","embeddable":true,"href":"https:\/\/nalua.in\/blog\/wp-json\/wp\/v2\/tags?post=453"}],"curies":[{"name":"wp","href":"https:\/\/api.w.org\/{rel}","templated":true}]}}