{"id":448,"date":"2008-08-21T19:15:00","date_gmt":"2008-08-21T22:15:00","guid":{"rendered":"http:\/\/nalu.in\/448"},"modified":"2008-08-21T19:15:00","modified_gmt":"2008-08-21T22:15:00","slug":"confianca","status":"publish","type":"post","link":"https:\/\/nalua.in\/blog\/confianca\/","title":{"rendered":"confian\u00e7a"},"content":{"rendered":"\n<p style=\"TEXT-ALIGN: justify\">\n<p style=\"TEXT-ALIGN: center\"><img loading=\"lazy\" decoding=\"async\" src=\"http:\/\/i302.photobucket.com\/albums\/nn94\/nualua\/jo-utatp.jpg\" style=\"DISPLAY: block; MARGIN-LEFT: auto; WIDTH: 300px; MARGIN-RIGHT: auto; HEIGHT: 199px; TEXT-ALIGN: center\" height=\"199\" alt=\"\" width=\"300\"\/><\/p>\n<p style=\"TEXT-ALIGN: center\"><span style=\"FONT-SIZE: 8px\">Figura <a href=\"http:\/\/artistamuvek.blogspot.com\">daqui<\/a><\/span><\/p>\n<p style=\"TEXT-ALIGN: justify\">Hoje eu acordei um pouco nost\u00e1lgica. E sei porque. Passaram-se dois feriados (11 e 15 de agosto), passou o anivers\u00e1rio do meu filho e a visita da minha sogra. Eu voltei de viagem, fiz os exames, acabou-se o que era doce. Literalmente. Agora n\u00e3o tem mais desculpa, n\u00e3o tem mais estado de exce\u00e7\u00e3o que sirva para me excusar de encarar a realidade. E a realidade \u00e9 que eu TENHO que fazer algo. Mesmo.<\/p>\n<p style=\"TEXT-ALIGN: justify\">E fico desanimada num primeiro momento, porque uma parte de mim sente que <strong>eu n\u00e3o sou confi\u00e1vel<\/strong>. \u00c9 isso. No quesito dietas eu n\u00e3o sou confi\u00e1vel. E acho que a coisa n\u00e3o anda porque n\u00e3o consigo confiar em mim mesma. S\u00e3o 3 anos de blog light. E pasmem, 12 quilos a MAIS!!! O <a href=\"http:\/\/levezadeser.blogspot.com\/\" target=\"_blank\" rel=\"noopener\">come\u00e7o<\/a> foi muito bom, eu emagreci bastante, tendo em vista o tanto que ainda comia. E foi f\u00e1cil e alegre. Mas n\u00e3o me perguntem porque eu abandonei. Talvez um projeto secreto de me derrubar, pra provar que eu n\u00e3o posso.<\/p>\n<p style=\"TEXT-ALIGN: justify\">Fazia o <a href=\"http:\/\/levezadeser.googlepages.com\/qimental\" target=\"_blank\" rel=\"noopener\">QI Mental<\/a> e me ajudava muito, muito, eu emagreci sem muito sacrificio at\u00e9 bastante. Eu fazia <a href=\"http:\/\/levezadeser.blogspot.com\/2006\/02\/voltando-pr-adolescncia.html\" target=\"_blank\" rel=\"noopener\">a agenda magra<\/a>, e \u00f4 coisa legal que era! Ajudava muito e ainda era divertido. Mas algo aconteceu e tirou meu pique. Na verdade eu tamb\u00e9m resolvi parar de fumar, no final de 2005 e embora tenha sido muito bem sucedida, como eu era fumante mais do que inveterada, n\u00e3o dava conta de dirigir energia nos dois sentidos. Nesse meio tempo eu tinha <a href=\"http:\/\/leveza.motime.com\/\" target=\"_blank\" rel=\"noopener\">mudado de blog<\/a> e enquanto esse segundo blog estava ativo, eu fiquei sem engordaar nadinha por uns seis meses depois que parei de fumar. O que eu considero um verdadeiro feito.<\/p>\n<p style=\"TEXT-ALIGN: justify\">Mas depois algo aconteceu de novo e eu parei. Por bastante tempo. E ainda teve, nesse meio tempo umas 6 ou 7 tentativas frustradas de voltar para o Vigilantes do Peso, uns 6 meses de cinesiologia e nada adiantou. Fiz muita coisa nesse per\u00ed\u00adodo pra tentar conseguir for\u00e7as, <a href=\"http:\/\/levezadoser.blog.br\/a-volta-dos-que-nao-foram\/\" target=\"_blank\" rel=\"noopener\">li muita, muita coisa<\/a>. Quase 5 anos de terapia. At\u00e9 nos Comedores Compulsivos eu fui. Uma vez s\u00f3, mas fui. E <strong><span style=\"TEXT-DECORATION: underline\">nada<\/span><\/strong> adiantou. Nem reza braba. Afinal benzedeira que se preze tem que ter uma reza braba na manga n\u00e9? (Aqui, apesar da brincadeira, o fato \u00e9 que eu mesmo estando benzedeira, n\u00e3o fiz uma reza braba pra mim mesma. Nem o <a href=\"http:\/\/br.geocities.com\/levezadeser\/programaespiritual.html\" target=\"_blank\" rel=\"noopener\">Programa Espiritual<\/a> eu n\u00e3o consegui fazer.) Claro que tudo isso me tornou uma pessoa bem melhor, eu acredito piamente nisso e acho que o objetivo \u00e9 melhorar mesmo. Mas n\u00e3o me emagreceu nem um quilo, nem um grama! \u00c9 muita incompet\u00eancia. Se eu fosse minha chefe de dietas me demitia.<\/p>\n<p style=\"TEXT-ALIGN: justify\">Eu s\u00f3 engordei a cada dia e a olhos vistos. A\u00ed\u00ad em mais uma tentativa eu abri este blog. No come\u00e7o eu estava indo bem, emagreci e tudo, mas o \u00e2nimo arrefeceu. Aconteceu a <a href=\"http:\/\/engordandoapafuncia.wordpress.com\" target=\"_blank\" rel=\"noopener\">Paf\u00fancia<\/a>, foi uma inje\u00e7\u00e3o de \u00e2nimo, mas eu logo desanimei. Eu li <a href=\"http:\/\/nalu.in\/significados\" target=\"_blank\" rel=\"noopener\">isso aqui<\/a>, me identifiquei com algumas coisas, mas n\u00e3o incorporei. E \u00e9 como vi <a href=\"http:\/\/livros.blog.com\/3558897\/\" target=\"_blank\" rel=\"noopener\">num livro<\/a>, <em><strong>&#8220;percep\u00e7\u00e3o sem transforma\u00e7\u00e3o s\u00f3 torna as coisas piores do que s\u00e3o&#8221;<\/strong><\/em> .<\/p>\n<p style=\"TEXT-ALIGN: justify\">Por isso eu penso em emagrecer e acho que n\u00e3o posso confiar em mim. Na verdade eu encaixo bem naquele estere\u00f3tipo que se ouve tanto na boca de quem trata de gordos. Eu n\u00e3o queria emagrecer, eu queria ser emagrecida. Na verdade, o passado ai \u00e9 s\u00f3 o do verbo. Mas n\u00e3o vou falar, porque palavras t\u00eam poder n\u00e9? S\u00f3 que o que eu sinto agora \u00e9 que eu n\u00e3o tenho mais escolha. Eu tentei at\u00e9 mesmo n\u00e3o emagrecer. E NADA adiantou. E eu me sinto cada vez mais desconfort\u00e1vel.<\/p>\n<p style=\"TEXT-ALIGN: justify\">Mas eu estou com a S\u00ed\u00adndrome X, com diabetes repetida e confirmada, e <em>otras cositas m\u00e1s<\/em> das queia n\u00e3o cabe muito falar. Ent\u00e3o n\u00e3o se trata mais de querer. Agora \u00e9 precisar.<\/p>\n<p style=\"TEXT-ALIGN: justify\">Por isso eu j\u00e1 comecei com algumas atitudes simples, mas que j\u00e1 est\u00e3o sendo incorporadas \u00ed\u00a0 rotina e de forma permanente, espero. Cortei arroz branco e p\u00e3o branco. N\u00e3o vou mais comer doces de forma di\u00e1ria e exagerada como vinha fazendo. E estou fazendo acumpuntura. Voltei a meditar. Ainda t\u00e1 devagar, mas j\u00e1 estou fazendo. Aumentei bastante a quantidade de vegetal nas minhas refei\u00e7\u00f5es. Talvez eu volte com o QI, com a agenda, sei l\u00e1. Vou devagar, porque \u00e9 preciso que seja pra sempre, preciso conseguir for\u00e7as. E acima de tudo eu preciso confira em mim. Eu n\u00e3o posso mais me trair. Mas confesso que ainda tenho d\u00favidas, viu?<\/p>\n","protected":false},"excerpt":{"rendered":"<p>Figura daqui Hoje eu acordei um pouco nost\u00e1lgica. E sei porque. Passaram-se dois feriados (11 e 15 de agosto), passou o anivers\u00e1rio do meu filho e a visita da minha sogra. Eu voltei de viagem, fiz os exames, acabou-se o que era doce. Literalmente. Agora n\u00e3o tem mais desculpa, n\u00e3o tem mais estado de exce\u00e7\u00e3o &hellip; <a href=\"https:\/\/nalua.in\/blog\/confianca\/\" class=\"more-link\">Continuar lendo <span class=\"screen-reader-text\">confian\u00e7a<\/span><\/a><\/p>\n","protected":false},"author":1,"featured_media":0,"comment_status":"open","ping_status":"open","sticky":false,"template":"","format":"standard","meta":{"footnotes":""},"categories":[40],"tags":[],"class_list":["post-448","post","type-post","status-publish","format-standard","hentry","category-leveza"],"_links":{"self":[{"href":"https:\/\/nalua.in\/blog\/wp-json\/wp\/v2\/posts\/448","targetHints":{"allow":["GET"]}}],"collection":[{"href":"https:\/\/nalua.in\/blog\/wp-json\/wp\/v2\/posts"}],"about":[{"href":"https:\/\/nalua.in\/blog\/wp-json\/wp\/v2\/types\/post"}],"author":[{"embeddable":true,"href":"https:\/\/nalua.in\/blog\/wp-json\/wp\/v2\/users\/1"}],"replies":[{"embeddable":true,"href":"https:\/\/nalua.in\/blog\/wp-json\/wp\/v2\/comments?post=448"}],"version-history":[{"count":0,"href":"https:\/\/nalua.in\/blog\/wp-json\/wp\/v2\/posts\/448\/revisions"}],"wp:attachment":[{"href":"https:\/\/nalua.in\/blog\/wp-json\/wp\/v2\/media?parent=448"}],"wp:term":[{"taxonomy":"category","embeddable":true,"href":"https:\/\/nalua.in\/blog\/wp-json\/wp\/v2\/categories?post=448"},{"taxonomy":"post_tag","embeddable":true,"href":"https:\/\/nalua.in\/blog\/wp-json\/wp\/v2\/tags?post=448"}],"curies":[{"name":"wp","href":"https:\/\/api.w.org\/{rel}","templated":true}]}}