{"id":435,"date":"2011-08-18T16:30:54","date_gmt":"2011-08-18T22:30:54","guid":{"rendered":"http:\/\/livros.in.blog.br\/?p=435"},"modified":"2011-08-18T16:30:54","modified_gmt":"2011-08-18T22:30:54","slug":"o-caderno-vermelho","status":"publish","type":"post","link":"https:\/\/nalua.in\/blog\/o-caderno-vermelho\/","title":{"rendered":"O Caderno Vermelho"},"content":{"rendered":"<p><a href=\"http:\/\/livros.in.blog.br\/wp-content\/uploads\/2012\/01\/cadernovermelho.jpg\"><img loading=\"lazy\" decoding=\"async\" class=\"alignleft size-medium wp-image-436\" style=\"margin:5px;\" title=\"cadernovermelho\" src=\"http:\/\/livros.in.blog.br\/wp-content\/uploads\/2012\/01\/cadernovermelho-208x300.jpg\" alt=\"\" width=\"208\" height=\"300\" \/><\/a>T\u00ed\u00adtulo original THE RED NOTEBOOK (POCKET)<br \/>\nTradu\u00e7\u00e3o Rubens Figueiredo<br \/>\nCapa Jeff Fisher<br \/>\nP\u00e1ginas 96<br \/>\nFormato 12.50 x 18.00 cm<br \/>\nPeso 0.08900 kg<br \/>\nAcabamento Brochura<br \/>\nLan\u00e7amento 02\/06\/2009<br \/>\nISBN 9788535914740<br \/>\nSelo Companhia de Bolso<\/p>\n<p style=\"text-align:justify;\">Dividido em quatro partes, compostas por pequenas hist\u00f3rias independentes, O caderno vermelho tem no acaso seu elemento unificador. Fatos bizarros ricocheteiam em outros com precis\u00e3o, mas se esquivam das expectativas do leitor: uma torta de cebola queimada, um engano ao telefone, um menino atingido por um raio, um homem que caiu de um telhado, um peda\u00e7o de papel encontrado num quarto de hotel em Paris &#8211; tudo isso comp\u00f5e um jogo em que sorte, azar e coincid\u00eancia s\u00e3o t\u00e3o impressionantes que mais parecem fic\u00e7\u00e3o.<\/p>\n","protected":false},"excerpt":{"rendered":"<p>T\u00ed\u00adtulo original THE RED NOTEBOOK (POCKET) Tradu\u00e7\u00e3o Rubens Figueiredo Capa Jeff Fisher P\u00e1ginas 96 Formato 12.50 x 18.00 cm Peso 0.08900 kg Acabamento Brochura Lan\u00e7amento 02\/06\/2009 ISBN 9788535914740 Selo Companhia de Bolso Dividido em quatro partes, compostas por pequenas hist\u00f3rias independentes, O caderno vermelho tem no acaso seu elemento unificador. Fatos bizarros ricocheteiam em outros &hellip; <a href=\"https:\/\/nalua.in\/blog\/o-caderno-vermelho\/\" class=\"more-link\">Continuar lendo <span class=\"screen-reader-text\">O Caderno Vermelho<\/span><\/a><\/p>\n","protected":false},"author":1,"featured_media":0,"comment_status":"closed","ping_status":"open","sticky":false,"template":"","format":"standard","meta":{"footnotes":""},"categories":[32],"tags":[],"class_list":["post-435","post","type-post","status-publish","format-standard","hentry","category-geral"],"_links":{"self":[{"href":"https:\/\/nalua.in\/blog\/wp-json\/wp\/v2\/posts\/435","targetHints":{"allow":["GET"]}}],"collection":[{"href":"https:\/\/nalua.in\/blog\/wp-json\/wp\/v2\/posts"}],"about":[{"href":"https:\/\/nalua.in\/blog\/wp-json\/wp\/v2\/types\/post"}],"author":[{"embeddable":true,"href":"https:\/\/nalua.in\/blog\/wp-json\/wp\/v2\/users\/1"}],"replies":[{"embeddable":true,"href":"https:\/\/nalua.in\/blog\/wp-json\/wp\/v2\/comments?post=435"}],"version-history":[{"count":0,"href":"https:\/\/nalua.in\/blog\/wp-json\/wp\/v2\/posts\/435\/revisions"}],"wp:attachment":[{"href":"https:\/\/nalua.in\/blog\/wp-json\/wp\/v2\/media?parent=435"}],"wp:term":[{"taxonomy":"category","embeddable":true,"href":"https:\/\/nalua.in\/blog\/wp-json\/wp\/v2\/categories?post=435"},{"taxonomy":"post_tag","embeddable":true,"href":"https:\/\/nalua.in\/blog\/wp-json\/wp\/v2\/tags?post=435"}],"curies":[{"name":"wp","href":"https:\/\/api.w.org\/{rel}","templated":true}]}}