{"id":418,"date":"2008-08-15T22:47:41","date_gmt":"2008-08-16T01:47:41","guid":{"rendered":"http:\/\/nalu.in\/?p=418"},"modified":"2008-08-15T22:47:41","modified_gmt":"2008-08-16T01:47:41","slug":"o-lado-amargo","status":"publish","type":"post","link":"https:\/\/nalua.in\/blog\/o-lado-amargo\/","title":{"rendered":"o lado amargo"},"content":{"rendered":"<p style=\"text-align: center;\"><img loading=\"lazy\" decoding=\"async\" class=\"aligncenter\" src=\"http:\/\/i302.photobucket.com\/albums\/nn94\/nualua\/_blog_sugar-skull102707.jpg\" alt=\"\" width=\"299\" height=\"225\" \/><\/p>\n<p style=\"text-align: justify;\">Essa semana me descobri diab\u00e9tica. E sou obrigada a concordar com uma personagem do seriado <a href=\"http:\/\/www.hbo.com\/intreatment\/jakeandamy\" target=\"_blank\" rel=\"noopener\">In Treatment<\/a>.\u00c2\u00a0 Ser doce (\u00ed\u00a0s vezes*) engorda. E adoece tamb\u00e9m, pelo visto.<\/p>\n<p style=\"text-align: justify;\">E interessante \u00e9 que diabetes \u00e9 a doen\u00e7a que eu mais tinha medo de ter nessa vida. Cuidado com seus desejos, mas com seus medos tamb\u00e9m, n\u00e9? O pessoal que estuda e trata o fundo emocional das doen\u00e7as t\u00eam teorias interessantes a respeito do diabetes. A respeito disso, da do\u00e7ura da vida e etc. Eu acho que no meu caso \u00e9 (entre outras coisas) incapacidade de lidar com a excessiva amargura da vida e do mundo.<br \/>\nE isso \u00e9 o que \u00e9 e ponto. Eu queria que a vida fosse mais doce. Bem infantil ainda, fase oral e todo bl\u00e1bl\u00e1 que na verdade n\u00e3o me ajuda em nada. Nada mesmo.\n<\/p>\n<p style=\"text-align: justify;\">Num n\u00ed\u00advel mais mundano eu preciso parar de comer o que mais gosto, isso \u00e9 a ironia fina e da vida. O que voc\u00ea ama sempre te mata. Ou talvez o que voc\u00ea ama em excesso. S\u00f3 que meu sobrenome nunca foi Modera\u00e7\u00e3o.<\/p>\n<p style=\"TEXT-ALIGN: justify\"><span style=\"FONT-SIZE: 8px\">* o \u00ed\u00a0s vezes foi por minha conta.<\/span><\/p>\n<p style=\"TEXT-ALIGN: justify\">\n","protected":false},"excerpt":{"rendered":"<p>Essa semana me descobri diab\u00e9tica. E sou obrigada a concordar com uma personagem do seriado In Treatment.\u00c2\u00a0 Ser doce (\u00ed\u00a0s vezes*) engorda. E adoece tamb\u00e9m, pelo visto. E interessante \u00e9 que diabetes \u00e9 a doen\u00e7a que eu mais tinha medo de ter nessa vida. Cuidado com seus desejos, mas com seus medos tamb\u00e9m, n\u00e9? O &hellip; <a href=\"https:\/\/nalua.in\/blog\/o-lado-amargo\/\" class=\"more-link\">Continuar lendo <span class=\"screen-reader-text\">o lado amargo<\/span><\/a><\/p>\n","protected":false},"author":1,"featured_media":0,"comment_status":"open","ping_status":"open","sticky":false,"template":"","format":"standard","meta":{"footnotes":""},"categories":[40],"tags":[],"class_list":["post-418","post","type-post","status-publish","format-standard","hentry","category-leveza"],"_links":{"self":[{"href":"https:\/\/nalua.in\/blog\/wp-json\/wp\/v2\/posts\/418","targetHints":{"allow":["GET"]}}],"collection":[{"href":"https:\/\/nalua.in\/blog\/wp-json\/wp\/v2\/posts"}],"about":[{"href":"https:\/\/nalua.in\/blog\/wp-json\/wp\/v2\/types\/post"}],"author":[{"embeddable":true,"href":"https:\/\/nalua.in\/blog\/wp-json\/wp\/v2\/users\/1"}],"replies":[{"embeddable":true,"href":"https:\/\/nalua.in\/blog\/wp-json\/wp\/v2\/comments?post=418"}],"version-history":[{"count":0,"href":"https:\/\/nalua.in\/blog\/wp-json\/wp\/v2\/posts\/418\/revisions"}],"wp:attachment":[{"href":"https:\/\/nalua.in\/blog\/wp-json\/wp\/v2\/media?parent=418"}],"wp:term":[{"taxonomy":"category","embeddable":true,"href":"https:\/\/nalua.in\/blog\/wp-json\/wp\/v2\/categories?post=418"},{"taxonomy":"post_tag","embeddable":true,"href":"https:\/\/nalua.in\/blog\/wp-json\/wp\/v2\/tags?post=418"}],"curies":[{"name":"wp","href":"https:\/\/api.w.org\/{rel}","templated":true}]}}