{"id":399,"date":"2008-06-06T21:14:05","date_gmt":"2008-06-07T00:14:05","guid":{"rendered":"http:\/\/nalu.in\/?p=399"},"modified":"2008-06-06T21:14:05","modified_gmt":"2008-06-07T00:14:05","slug":"lucidez-perigosa","status":"publish","type":"post","link":"https:\/\/nalua.in\/blog\/lucidez-perigosa\/","title":{"rendered":"lucidez perigosa"},"content":{"rendered":"<p><img loading=\"lazy\" decoding=\"async\" class=\"alignleft\" style=\"margin: 5px;\" src=\"http:\/\/lh4.ggpht.com\/nualua\/SEAM0Sw-pvI\/AAAAAAAAACE\/3K3vFhDIgEY\/s800\/d0242909.jpg\" alt=\"\" width=\"135\" height=\"231\" \/><\/p>\n<p style=\"text-align: justify;\">Achei muita sincronia, logo hoje ler isso num blog de tar\u00f4 que eu assino o feed. \u00e9 o http:\/\/tarotestudos.blogspot.com<\/p>\n<p style=\"text-align: justify;\">Porque tem um tempo que eu estou envolvida com esse arcano do tar\u00f4, O Eremita, e com essa palavra: lucidez, achando que meu problema \u00e9 o excesso de lucidez.<\/p>\n<p style=\"text-align: justify;\"><strong>A LUCIDEZ PERIGOSA<\/strong><!--more--><\/p>\n<p style=\"text-align: justify;\">Estou sentindo uma clareza t\u00e3o grande que me anula como pessoa atual e comum: \u00e9 uma lucidez vazia, como explicar? assim como um c\u00e1lculo matem\u00e1tico perfeito do qual, no entanto, n\u00e3o se precise. Estou por assim dizer vendo claramente o vazio. E nem entendo aquilo que entendo: pois estou infinitamente maior que eu mesma, e n\u00e3o me alcan\u00e7o. Al\u00e9m do que: que fa\u00e7o dessa lucidez? Sei tamb\u00e9m que esta minha lucidez pode-se tornar o inferno humano &#8211; j\u00e1 me aconteceu antes. Pois sei que &#8211; em termos de nossa di\u00e1ria e permanente acomoda\u00e7\u00e3o resignada \u00ed\u00a0 irrealidade &#8211; essa clareza de realidade \u00e9 um risco. Apagai, pois, minha flama, Deus, porque ela n\u00e3o me serve para viver os dias. Ajudai-me a de novo consistir dos modos poss\u00ed\u00adveis. Eu consisto, eu consisto, am\u00e9m.<\/p>\n<p>in &#8220;<em>A Descoberta do Mundo<\/em>&#8221; Ed. Rocco &#8211; Rio de Janeiro, 1999<br \/>\nLogo, vou ter que colocar mais um blog dentro desse blog: tar\u00f4<\/p>\n<p style=\"text-align: justify;\">\n","protected":false},"excerpt":{"rendered":"<p>Achei muita sincronia, logo hoje ler isso num blog de tar\u00f4 que eu assino o feed. \u00e9 o http:\/\/tarotestudos.blogspot.com Porque tem um tempo que eu estou envolvida com esse arcano do tar\u00f4, O Eremita, e com essa palavra: lucidez, achando que meu problema \u00e9 o excesso de lucidez. A LUCIDEZ PERIGOSA<\/p>\n","protected":false},"author":1,"featured_media":0,"comment_status":"open","ping_status":"open","sticky":false,"template":"","format":"standard","meta":{"footnotes":""},"categories":[22],"tags":[],"class_list":["post-399","post","type-post","status-publish","format-standard","hentry","category-esoterismo"],"_links":{"self":[{"href":"https:\/\/nalua.in\/blog\/wp-json\/wp\/v2\/posts\/399","targetHints":{"allow":["GET"]}}],"collection":[{"href":"https:\/\/nalua.in\/blog\/wp-json\/wp\/v2\/posts"}],"about":[{"href":"https:\/\/nalua.in\/blog\/wp-json\/wp\/v2\/types\/post"}],"author":[{"embeddable":true,"href":"https:\/\/nalua.in\/blog\/wp-json\/wp\/v2\/users\/1"}],"replies":[{"embeddable":true,"href":"https:\/\/nalua.in\/blog\/wp-json\/wp\/v2\/comments?post=399"}],"version-history":[{"count":0,"href":"https:\/\/nalua.in\/blog\/wp-json\/wp\/v2\/posts\/399\/revisions"}],"wp:attachment":[{"href":"https:\/\/nalua.in\/blog\/wp-json\/wp\/v2\/media?parent=399"}],"wp:term":[{"taxonomy":"category","embeddable":true,"href":"https:\/\/nalua.in\/blog\/wp-json\/wp\/v2\/categories?post=399"},{"taxonomy":"post_tag","embeddable":true,"href":"https:\/\/nalua.in\/blog\/wp-json\/wp\/v2\/tags?post=399"}],"curies":[{"name":"wp","href":"https:\/\/api.w.org\/{rel}","templated":true}]}}