{"id":393,"date":"2008-05-17T13:51:43","date_gmt":"2008-05-17T16:51:43","guid":{"rendered":"http:\/\/nalu.in\/393"},"modified":"2008-05-17T13:51:43","modified_gmt":"2008-05-17T16:51:43","slug":"a-culpa-e-dos-gordos","status":"publish","type":"post","link":"https:\/\/nalua.in\/blog\/a-culpa-e-dos-gordos\/","title":{"rendered":"a culpa \u00e9 dos gordos"},"content":{"rendered":"<div><img decoding=\"async\" src=\"http:\/\/lh6.ggpht.com\/nalualine\/SC8MvmvExAI\/AAAAAAAABT4\/jBxli6FJYg0\/s800\/faustao1.jpg\" alt=\"\" \/><\/div>\n<div style=\"text-align: justify;\">\n<\/div>\n<div style=\"text-align: justify;\">A culpa da crise alimentar \u00e9, al\u00e9m do biocombust\u00ed\u00advel, dos obesos. Sim, dos obesos. Ent\u00e3o para que a crise seja resolvida, feche a boca! A culpa \u00e9 sua, obesa! O capitalismo e a configura\u00e7\u00e3o mundial nada tem que ver com isso, a culpa \u00e9 dos gordos. Voc\u00ea come muito, esse \u00e9 o problema. Tem gente passando fome no mundo porque vc come demais, n\u00e3o \u00e9 lindo isso?<\/div>\n<div style=\"text-align: justify;\">Saiu no jornal o Tempo de hoje, 17\/05\/08.  S\u00f3 faltava mais essa. Eu leio essas coisa e tenho medo. Ainda mais quando s\u00e3o <em>cientificamente <\/em>embasadas&#8230;<\/div>\n<div>O link da not\u00ed\u00adcia: <strong>http:\/\/tinyurl.com\/6kdpjl<\/strong><\/div>\n<div>\n<div>==========<\/div>\n<div style=\"text-align: center;\"><a class=\"Verde\"><strong>Comida<\/strong><strong>.<\/strong><\/a><\/div>\n<div style=\"text-align: center;\">Estudo diz que pessoas de maior peso contribuem para crise alimentar<\/div>\n<div style=\"text-align: center;\"><span style=\"FONT-SIZE: 1em\"><strong>Obesos consomem 18% a mais alimentos<\/strong><\/span><br \/>\n<img loading=\"lazy\" decoding=\"async\" src=\"http:\/\/www.otempo.com.br\/otempo\/img\/transp.gif\" alt=\"\" width=\"5\" height=\"5\" \/><br \/>\n<em>Maior demanda teria repercuss\u00e3o no transporte, petr\u00f3leo e meio ambiente<br \/>\n<\/em><\/div>\n<p style=\"text-align: justify;\"><strong>Londres, Reino Unido.<\/strong> Um estudo conduzido por pesquisadores brit\u00e2nicos sugere que as pessoas obesas est\u00e3o contribuindo para o agravamento da crise dos alimentos e a degrada\u00e7\u00e3o do meio ambiente.<\/p>\n<p style=\"text-align: justify;\">Os especialistas, da London School of Hygiene and Tropical Medicine, calcularam que os obesos t\u00eam um consumo de calorias 18% maior do que a m\u00e9dia.<\/p>\n<p style=\"text-align: justify;\">Segundo o estudo, publicado na revista &#8220;Lancet&#8221;, eles precisam de 1.680 calorias para sustentar seu n\u00ed\u00advel normal de energia e outras 1.280 para manter o ritmo das atividades di\u00e1rias &#8211; um quinto a mais do que o normal. O estudo diz ainda que o alto consumo de alimentos tem uma rea\u00e7\u00e3o em cadeia.<\/p>\n<p style=\"text-align: justify;\">A maior demanda por comida faz aumentar a produ\u00e7\u00e3o que, por sua vez, requer mais petr\u00f3leo para equipamentos agr\u00ed\u00adcolas e meios de transporte. Como conseq\u00ed\u00bc\u00eancia, a demanda crescente por combust\u00ed\u00adveis acarreta no aumento do pre\u00e7o, que acaba sendo repassado para a comida.<br \/>\nAl\u00e9m disso, dizem os especialistas, as pessoas obesas preferem usar transportes motorizados a andar a p\u00e9, aumentando a demanda por combust\u00ed\u00adveis e, por conseq\u00ed\u00bc\u00eancia, a polui\u00e7\u00e3o do meio ambiente.<\/p>\n<p style=\"text-align: justify;\">Segundo os especialistas, como resultado dessa matem\u00e1tica, os pobres acabam prejudicados porque n\u00e3o t\u00eam dinheiro suficiente para comprar alimentos ao mesmo tempo em que sofrem efeitos das emiss\u00f5es de gases poluentes.<\/p>\n<p style=\"text-align: justify;\"><!--==================FIM HOTWORDS ===================--><\/p>\n<p style=\"text-align: justify;\"><strong>Publicado em:<\/strong> 17\/05\/2008<\/p>\n<\/div>\n","protected":false},"excerpt":{"rendered":"<p>A culpa da crise alimentar \u00e9, al\u00e9m do biocombust\u00ed\u00advel, dos obesos. Sim, dos obesos. Ent\u00e3o para que a crise seja resolvida, feche a boca! A culpa \u00e9 sua, obesa! O capitalismo e a configura\u00e7\u00e3o mundial nada tem que ver com isso, a culpa \u00e9 dos gordos. Voc\u00ea come muito, esse \u00e9 o problema. Tem gente &hellip; <a href=\"https:\/\/nalua.in\/blog\/a-culpa-e-dos-gordos\/\" class=\"more-link\">Continuar lendo <span class=\"screen-reader-text\">a culpa \u00e9 dos gordos<\/span><\/a><\/p>\n","protected":false},"author":1,"featured_media":0,"comment_status":"open","ping_status":"open","sticky":false,"template":"","format":"standard","meta":{"footnotes":""},"categories":[40],"tags":[],"class_list":["post-393","post","type-post","status-publish","format-standard","hentry","category-leveza"],"_links":{"self":[{"href":"https:\/\/nalua.in\/blog\/wp-json\/wp\/v2\/posts\/393","targetHints":{"allow":["GET"]}}],"collection":[{"href":"https:\/\/nalua.in\/blog\/wp-json\/wp\/v2\/posts"}],"about":[{"href":"https:\/\/nalua.in\/blog\/wp-json\/wp\/v2\/types\/post"}],"author":[{"embeddable":true,"href":"https:\/\/nalua.in\/blog\/wp-json\/wp\/v2\/users\/1"}],"replies":[{"embeddable":true,"href":"https:\/\/nalua.in\/blog\/wp-json\/wp\/v2\/comments?post=393"}],"version-history":[{"count":0,"href":"https:\/\/nalua.in\/blog\/wp-json\/wp\/v2\/posts\/393\/revisions"}],"wp:attachment":[{"href":"https:\/\/nalua.in\/blog\/wp-json\/wp\/v2\/media?parent=393"}],"wp:term":[{"taxonomy":"category","embeddable":true,"href":"https:\/\/nalua.in\/blog\/wp-json\/wp\/v2\/categories?post=393"},{"taxonomy":"post_tag","embeddable":true,"href":"https:\/\/nalua.in\/blog\/wp-json\/wp\/v2\/tags?post=393"}],"curies":[{"name":"wp","href":"https:\/\/api.w.org\/{rel}","templated":true}]}}