{"id":390,"date":"2008-05-13T19:13:38","date_gmt":"2008-05-13T22:13:38","guid":{"rendered":"http:\/\/nalu.in\/390"},"modified":"2008-05-13T19:13:38","modified_gmt":"2008-05-13T22:13:38","slug":"390","status":"publish","type":"post","link":"https:\/\/nalua.in\/blog\/390\/","title":{"rendered":"roupas"},"content":{"rendered":"<table style=\"width: 154px; height: 238px;\" border=\"0\" cellspacing=\"0\" cellpadding=\"5\" width=\"154\" align=\"right\">\n<tbody>\n<tr valign=\"top\" bgcolor=\"#ffffff\">\n<td class=\"legenda\" colspan=\"2\" height=\"217\">\n<p style=\"TEXT-ALIGN: center\"><a rel=\"lightbox noopener\" href=\"http:\/\/farm3.static.flickr.com\/2088\/2488416562_6501fba415_o.jpg\" target=\"_blank\"><img loading=\"lazy\" decoding=\"async\" style=\"width: 128px; height: 182px;\" src=\"http:\/\/farm3.static.flickr.com\/2088\/2488416562_6501fba415_o.jpg\" alt=\"\" width=\"128\" height=\"182\" \/><\/a><\/p>\n<p style=\"TEXT-ALIGN: center\"><em>Clique para ampliar<\/em><\/p>\n<\/td>\n<\/tr>\n<\/tbody>\n<\/table>\n<p style=\"TEXT-ALIGN: justify\"><span class=\"titulo\">Depois que eu disse que n\u00e3o ia nem ligar mais pra esse tro\u00e7o de emagrecimento, tem uns dias j\u00e1, eu n\u00e3o sei se engordei, se emagreci. Porque eu n\u00e3o estou me pesando. Balan\u00e7a n\u00e3o \u00e9 comigo. A julgar pelas minhas roupas eu n\u00e3o emagreci nem<\/span><\/p>\n<div style=\"TEXT-ALIGN: justify\">\n<table style=\"width: 154px; height: 289px;\" border=\"0\" cellspacing=\"0\" cellpadding=\"5\" width=\"154\" align=\"left\">\n<tbody>\n<tr valign=\"top\" bgcolor=\"#ffffff\">\n<td class=\"legenda\" colspan=\"2\" height=\"217\">\n<p style=\"TEXT-ALIGN: left\"><a href=\"http:\/\/farm4.static.flickr.com\/3137\/2488409364_0aab53738f_b.jpg\" target=\"_blank\" rel=\"noopener\"><img loading=\"lazy\" decoding=\"async\" style=\"width: 133px; height: 222px;\" src=\"http:\/\/farm4.static.flickr.com\/3137\/2488409364_0aab53738f_b.jpg\" alt=\"\" width=\"133\" height=\"222\" \/><\/a><\/p>\n<p style=\"TEXT-ALIGN: center\"><em>Clique para ampliar<\/em><\/p>\n<\/td>\n<\/tr>\n<\/tbody>\n<\/table>\n<\/div>\n<p style=\"TEXT-ALIGN: justify\"><span class=\"titulo\">engordei. Mas problema n\u00e9? Ainda \u00e9 artificial, eu tenho que ficar lembrando desse pacto e ainda tenho a tenta\u00e7\u00e3o de me justificar pra certas pessoas. Mas logo passa. E tenho realmente comido o que eu tenho vontade, na hora que me d\u00e1 vontade. Algo bem hedonista mesmo. E vou te falar, del\u00ed\u00adcia total viu? Eu comi strogonoff de camar\u00e3o, petit gateau, churrasco, p\u00e3o de mel da Cheescake, que \u00e9 indecentemente bom, creme de bis hummmmmmmmm, e olha, muito melhor do que essas del\u00ed\u00adcias todas \u00e9 comer sem culpa, comer de verdade. Bom demais. Estou alimentando a Rebeca Rebelde, que na verdade parece um <a href=\"http:\/\/somostodosum.ig.com.br\/conteudo\/conteudo.asp?id=4739\" target=\"_blank\" rel=\"noopener\">Fantasma Faminto<\/a>, conhecem a hist\u00f3ria dos <a href=\"http:\/\/somostodosum.ig.com.br\/conteudo\/conteudo.asp?id=4739\" target=\"_blank\" rel=\"noopener\">Fantasmas Famintos<\/a>? Muito Legal, viu? Pra ver se ela me d\u00e1 sossego.<\/span><\/p>\n<p style=\"TEXT-ALIGN: justify\">O fato \u00e9 que desde ent\u00e3o eu tenho me sentido incrivelmente mais leve. Nossa, \u00e9 como se eu tivesse tirado um elefante das costas. E minha qualidade de vida melhorou tanto, mas tanto! Ainda preciso comer melhor, preciso de mais frutas, de refei\u00e7\u00f5es mais saud\u00e1veis. Mas claro, isso vem com tempo. E tempo mesmo, essa semana foi muito corrida, eu n\u00e3o pude de me organizar direito. Mas como isso n\u00e3o \u00e9 mais uma quest\u00e3o de vida ou morte, n\u00e3o \u00e9 mais uma quest\u00e3o que me tortura, ela ser\u00e1 naturalmente resolvida.<\/p>\n<div style=\"TEXT-ALIGN: justify\">\n<table style=\"width: 154px; height: 219px;\" border=\"0\" cellspacing=\"0\" cellpadding=\"5\" width=\"154\" align=\"right\">\n<tbody>\n<tr valign=\"top\" bgcolor=\"#ffffff\">\n<td class=\"legenda\" colspan=\"2\" height=\"217\">\n<p style=\"TEXT-ALIGN: center\"><a href=\"http:\/\/farm3.static.flickr.com\/2088\/2488416562_6501fba415_o.jpg\" target=\"_blank\" rel=\"noopener\"><img loading=\"lazy\" decoding=\"async\" style=\"width: 108px; height: 161px;\" src=\"http:\/\/farm4.static.flickr.com\/3199\/2488287796_04ab0bf00d_o.jpg\" alt=\"\" width=\"108\" height=\"161\" \/><\/a><\/p>\n<p style=\"TEXT-ALIGN: center\"><em>Clique para ampliar<\/em><\/p>\n<\/td>\n<\/tr>\n<\/tbody>\n<\/table>\n<\/div>\n<p style=\"TEXT-ALIGN: justify\">S\u00f3 que nem era disso que eu queria falar, eu queria falar que desde que me propus isso e me senti mais leve, eu fiz algo que h\u00e1 muito tempo n\u00e3o fazia. Eu compei roupas. Que combinam comigo! Que t\u00eam a ver com o meu estilo de vestir, que Eu sempre gostei e tanto gosto. Roupas coloridas, roupas de estilo riponga mesmo. Do jeito que eu sempre gostei.<\/p>\n<p style=\"TEXT-ALIGN: justify\">Fica bonito. N\u00e3o. Acentua a gordura? Sim. Mas eu n\u00e3o estou fazendo fotos pra revista, eu n\u00e3o tenho a menor obriga\u00e7\u00e3o de parecer bem vestida ou executiva ou clean e tal. Eu sou kitsch, sempre fui. Adoro as roupas da Frida Kahlo e se fosse o caso me vestiria daquela maneira. Adoro saias coloridas, batas indianas, flores no cabelo. Bem nesse estilo que tanta gente acha cafona. Mas eu tenho a alma cafona mesmo, por isso que combina. E n\u00e3o estou me depreciando, isso \u00e9 algo que eu gosto em mim, nem sei porque. E quem tem que gostar sou eu. E meu marido n\u00e9? E n\u00f3s dois gostamos. Ele tanto gosta que me deu de presente de dia das m\u00e3es uma blusa linda, que \u00e9 a minha cara. Essa verde e branca de renda ai da foto.<\/p>\n<p style=\"TEXT-ALIGN: justify\">Nada como a liberdade de ser quem se \u00e9 ou se quer ser, liberdade de vestir, de enfeitar. E se algu\u00e9m achar que eu estou poluindo ou monstrificando a cidade, sinto muito, \u00e9 s\u00f3 olhar pra outro lado n\u00e9?<\/p>\n","protected":false},"excerpt":{"rendered":"<p>Clique para ampliar Depois que eu disse que n\u00e3o ia nem ligar mais pra esse tro\u00e7o de emagrecimento, tem uns dias j\u00e1, eu n\u00e3o sei se engordei, se emagreci. Porque eu n\u00e3o estou me pesando. Balan\u00e7a n\u00e3o \u00e9 comigo. A julgar pelas minhas roupas eu n\u00e3o emagreci nem Clique para ampliar engordei. Mas problema n\u00e9? &hellip; <a href=\"https:\/\/nalua.in\/blog\/390\/\" class=\"more-link\">Continuar lendo <span class=\"screen-reader-text\">roupas<\/span><\/a><\/p>\n","protected":false},"author":1,"featured_media":0,"comment_status":"open","ping_status":"open","sticky":false,"template":"","format":"standard","meta":{"footnotes":""},"categories":[40],"tags":[],"class_list":["post-390","post","type-post","status-publish","format-standard","hentry","category-leveza"],"_links":{"self":[{"href":"https:\/\/nalua.in\/blog\/wp-json\/wp\/v2\/posts\/390","targetHints":{"allow":["GET"]}}],"collection":[{"href":"https:\/\/nalua.in\/blog\/wp-json\/wp\/v2\/posts"}],"about":[{"href":"https:\/\/nalua.in\/blog\/wp-json\/wp\/v2\/types\/post"}],"author":[{"embeddable":true,"href":"https:\/\/nalua.in\/blog\/wp-json\/wp\/v2\/users\/1"}],"replies":[{"embeddable":true,"href":"https:\/\/nalua.in\/blog\/wp-json\/wp\/v2\/comments?post=390"}],"version-history":[{"count":0,"href":"https:\/\/nalua.in\/blog\/wp-json\/wp\/v2\/posts\/390\/revisions"}],"wp:attachment":[{"href":"https:\/\/nalua.in\/blog\/wp-json\/wp\/v2\/media?parent=390"}],"wp:term":[{"taxonomy":"category","embeddable":true,"href":"https:\/\/nalua.in\/blog\/wp-json\/wp\/v2\/categories?post=390"},{"taxonomy":"post_tag","embeddable":true,"href":"https:\/\/nalua.in\/blog\/wp-json\/wp\/v2\/tags?post=390"}],"curies":[{"name":"wp","href":"https:\/\/api.w.org\/{rel}","templated":true}]}}