{"id":382,"date":"2008-04-28T19:31:23","date_gmt":"2008-04-28T22:31:23","guid":{"rendered":"http:\/\/nalu.in\/382"},"modified":"2008-04-28T19:31:23","modified_gmt":"2008-04-28T22:31:23","slug":"um-mes-para-o-meu-aniversario","status":"publish","type":"post","link":"https:\/\/nalua.in\/blog\/um-mes-para-o-meu-aniversario\/","title":{"rendered":"um m\u00eas para o meu anivers\u00e1rio"},"content":{"rendered":"<figure style=\"width: 298px\" class=\"wp-caption alignleft\"><a href=\"http:\/\/lh4.ggpht.com\/nalualine\/SBZN0sBnXqI\/AAAAAAAABQU\/PvQojQSG-4A\/s800\/nadiesabe.jpg\" rel=\"lightbox\"><img loading=\"lazy\" decoding=\"async\" style=\"width: 298px; height: 133px;\" src=\"http:\/\/lh4.ggpht.com\/nalualine\/SBZN0sBnXqI\/AAAAAAAABQU\/PvQojQSG-4A\/s800\/nadiesabe.jpg\" alt=\"\" width=\"298\" height=\"133\" \/><\/a><figcaption class=\"wp-caption-text\">Clique para ampliar<\/figcaption><\/figure>\n<p style=\"text-align: center;\">Daqui a um m\u00eas \u00e9 meu anivers\u00e1rio. Me aproximo dos 40 anos! Fosse outrora eu estaria pensando em emagrecer. Mas dessa vez n\u00e3o!<\/p>\n<p style=\"text-align: justify;\">Dizem que um h\u00e1bito leva mais ou menos 28 dias pra se fixar. Ent\u00e3o ao inv\u00e9s de ficar pensando em fixar um h\u00e1bito de emagrecimento, de dirigir mais uma vez a obsess\u00e3o para esse assunto chato eu vou me concentrar em fixar o h\u00e1bito de <strong>n\u00e3o<\/strong> pensar em emagrecer. \u00c9 isso mesmo. Parei com contagem de calorias, de pontos de quantidade, de qq outra coisa que seja preocupa\u00e7\u00e3o com emagrecer. Guardei a balan\u00e7a. N\u00e3o \u00e9 mais comigo isso. N\u00e3o me interessa mais (agora de uma forma artificial, daqui a pouco vai ser autom\u00e1tico) nada que emagre\u00e7a, nada que diga respeito a esse universo. Por ora.<!--more--><\/p>\n<p style=\"text-align: justify;\">Vou treinar para que isso pra mim seja que nem novela. Todo mundo v\u00ea, sabe, viu, mas h\u00e1 muitos anos eu n\u00e3o me relaciono mais com novelas. E com dietas, emagrecimento e afins vou tentar fazer o mesmo. Se fosse h\u00e1 algum tempo atr\u00e1s eu n\u00e3o poderia fazer isso, eu me alimentava mal demais. Mas agora j\u00e1 tem um tempo que me alimento bem, preciso s\u00f3 dar uma refor\u00e7ada nas frutas, mas vou continuar comendo o que eu tiver vontade. \u00c9 isso mesmo, vc ouviu bem. O que eu tiver vontade, seja pav\u00ea de chocolate, 3 bolas de haagen dasz ou similares. Eu sei que isso \u00e9 temer\u00e1rio. Mas bem mais perigoso que isso\u00e9 ficar alimentando stress e infelicidade como eu estava. Minha vaidosa lua em le\u00e3o me obriga a essa fixa\u00e7\u00e3o. Que bom seria n\u00e3o t\u00ea-la (a fixa\u00e7\u00e3o n\u00e3o a lua), mas n\u00e3o \u00e9 o caso.<\/p>\n<p style=\"text-align: justify;\">E n\u00e3o estou preocupada em emagrecer nem mesmo com engordar. S\u00e9rio mesmo. Espero. Isso n\u00e3o \u00e9 por que acho legal, porque eu recomendo ou porque secretamente eu ache que vou emagrecer fazendo isso. Mas \u00e9 que eu n\u00e3o <strong>suporto<\/strong> mais pensar nisso. Minha energia e bom humor est\u00e3o sendo gastas em algo in\u00fatil e altamente frustrante. Eu detesto ser infeliz e tenho est\u00f4mago fraco para lam\u00farias eternas, detesto esse papel.<\/p>\n<p style=\"text-align: justify;\">Portanto eu decidi que \u00e9 melhor tentar ser feliz gorda do que ficar eternamente frustrada, culpada sem aproveitar direito a vida porque n\u00e3o consigo emagrecer. Eu n\u00e3o sei se isso vai durar, eu mudo de id\u00e9ia como o vento e agrade\u00e7o de joelhos ter id\u00e9ias t\u00e3o abundantes pra poder mud\u00e1-las.<\/p>\n<p style=\"text-align: justify;\">Mas agora, nesse per\u00ed\u00adodo que vai at\u00e9 meu anivers\u00e1rio \u00e9 \u00e9poca de n\u00e3o dieta, n\u00e3o me diz respeito nada disso. N\u00e3o estou fingindo nada, estou gorda, n\u00e3o me orgulho disso, adoraria emagrecer. Mas n\u00e3o quero pagar o pre\u00e7o de ser magra. Simples assim. E menos ainda eu quero deixar de viver, de sorrir de encontrar amigos ou de me sentir sexy por isso. Porque a vida t\u00e1 passando, t\u00e1 rolando e essa \u00e9 a minha decis\u00e3o de anivers\u00e1rio. Ser feliz, mesmo acima do peso. Mesmo com todos esses quilos a mais. Eu quero fazer 37 anos mais leve. Bem mais leve. Mas na cabe\u00e7a, nos sentimentos e pensamentos, principalmente.<\/p>\n","protected":false},"excerpt":{"rendered":"<p>Daqui a um m\u00eas \u00e9 meu anivers\u00e1rio. Me aproximo dos 40 anos! Fosse outrora eu estaria pensando em emagrecer. Mas dessa vez n\u00e3o! Dizem que um h\u00e1bito leva mais ou menos 28 dias pra se fixar. Ent\u00e3o ao inv\u00e9s de ficar pensando em fixar um h\u00e1bito de emagrecimento, de dirigir mais uma vez a obsess\u00e3o &hellip; <a href=\"https:\/\/nalua.in\/blog\/um-mes-para-o-meu-aniversario\/\" class=\"more-link\">Continuar lendo <span class=\"screen-reader-text\">um m\u00eas para o meu anivers\u00e1rio<\/span><\/a><\/p>\n","protected":false},"author":1,"featured_media":0,"comment_status":"open","ping_status":"open","sticky":false,"template":"","format":"standard","meta":{"footnotes":""},"categories":[40],"tags":[],"class_list":["post-382","post","type-post","status-publish","format-standard","hentry","category-leveza"],"_links":{"self":[{"href":"https:\/\/nalua.in\/blog\/wp-json\/wp\/v2\/posts\/382","targetHints":{"allow":["GET"]}}],"collection":[{"href":"https:\/\/nalua.in\/blog\/wp-json\/wp\/v2\/posts"}],"about":[{"href":"https:\/\/nalua.in\/blog\/wp-json\/wp\/v2\/types\/post"}],"author":[{"embeddable":true,"href":"https:\/\/nalua.in\/blog\/wp-json\/wp\/v2\/users\/1"}],"replies":[{"embeddable":true,"href":"https:\/\/nalua.in\/blog\/wp-json\/wp\/v2\/comments?post=382"}],"version-history":[{"count":0,"href":"https:\/\/nalua.in\/blog\/wp-json\/wp\/v2\/posts\/382\/revisions"}],"wp:attachment":[{"href":"https:\/\/nalua.in\/blog\/wp-json\/wp\/v2\/media?parent=382"}],"wp:term":[{"taxonomy":"category","embeddable":true,"href":"https:\/\/nalua.in\/blog\/wp-json\/wp\/v2\/categories?post=382"},{"taxonomy":"post_tag","embeddable":true,"href":"https:\/\/nalua.in\/blog\/wp-json\/wp\/v2\/tags?post=382"}],"curies":[{"name":"wp","href":"https:\/\/api.w.org\/{rel}","templated":true}]}}