{"id":381,"date":"2008-04-28T11:06:17","date_gmt":"2008-04-28T14:06:17","guid":{"rendered":"http:\/\/nalu.in\/381"},"modified":"2008-04-28T11:06:17","modified_gmt":"2008-04-28T14:06:17","slug":"escreva-lola","status":"publish","type":"post","link":"https:\/\/nalua.in\/blog\/escreva-lola\/","title":{"rendered":"lola escrevendo"},"content":{"rendered":"<p><img loading=\"lazy\" decoding=\"async\" src=\"http:\/\/lh4.ggpht.com\/nalualine\/SBXaE8BnXpI\/AAAAAAAABQM\/T_GmORhw4TY\/s400\/lola.jpg\" alt=\"\" width=\"300\" height=\"34\" \/><br \/>\nPosts excelentes! Adorei o que <a href=\"http:\/\/escrevalolaescreva.blogspot.com\/\" target=\"_blank\" rel=\"noopener\">essa mo\u00e7a<\/a> escreve, muito em sintonia com o que eu acho. \u00c9 a Lola, do Escreva, Lola, escreva. Essses posts que eu coloco aqui tem tudo a ver com o que eu penso e com o momento que eu vivo agora. Podem ler. Os posts de cinema tamb\u00e9m s\u00e3o muito bons.<\/p>\n<ul>\n<li><a href=\"http:\/\/escrevalolaescreva.blogspot.com\/2008\/04\/somos-nacos-de-carne-num-aougue.html\" target=\"_blank\" rel=\"noopener\">Somos nacos de carne num a\u00e7ougue<\/a> <a href=\"http:\/\/escrevalolaescreva.blogspot.com\/2008\/04\/somos-nacos-de-carne-num-aougue.html\" target=\"_blank\" rel=\"noopener\"><\/a><\/li>\n<li><a href=\"http:\/\/escrevalolaescreva.blogspot.com\/2008\/04\/divagaes-sobre-cabelo-racismo-aceitao.html\" target=\"_blank\" rel=\"noopener\">Divaga\u00e7\u00f5es sobre cabelo, racismo e aceita\u00e7\u00e3o<\/a> <a href=\"http:\/\/escrevalolaescreva.blogspot.com\/2008\/04\/somos-nacos-de-carne-num-aougue.html\" target=\"_blank\" rel=\"noopener\"><\/a><\/li>\n<li><a href=\"http:\/\/escrevalolaescreva.blogspot.com\/2008\/04\/feminismo-pra-qu.html\" target=\"_blank\" rel=\"noopener\">Feminismo pra qu\u00ea?<\/a> <a href=\"http:\/\/escrevalolaescreva.blogspot.com\/2008\/04\/somos-nacos-de-carne-num-aougue.html\" target=\"_blank\" rel=\"noopener\"><\/a><\/li>\n<\/ul>\n<p>Ah, e tem muito mais, mesmo.<\/p>\n","protected":false},"excerpt":{"rendered":"<p>Posts excelentes! Adorei o que essa mo\u00e7a escreve, muito em sintonia com o que eu acho. \u00c9 a Lola, do Escreva, Lola, escreva. Essses posts que eu coloco aqui tem tudo a ver com o que eu penso e com o momento que eu vivo agora. Podem ler. Os posts de cinema tamb\u00e9m s\u00e3o muito &hellip; <a href=\"https:\/\/nalua.in\/blog\/escreva-lola\/\" class=\"more-link\">Continuar lendo <span class=\"screen-reader-text\">lola escrevendo<\/span><\/a><\/p>\n","protected":false},"author":1,"featured_media":0,"comment_status":"open","ping_status":"open","sticky":false,"template":"","format":"standard","meta":{"footnotes":""},"categories":[40],"tags":[],"class_list":["post-381","post","type-post","status-publish","format-standard","hentry","category-leveza"],"_links":{"self":[{"href":"https:\/\/nalua.in\/blog\/wp-json\/wp\/v2\/posts\/381","targetHints":{"allow":["GET"]}}],"collection":[{"href":"https:\/\/nalua.in\/blog\/wp-json\/wp\/v2\/posts"}],"about":[{"href":"https:\/\/nalua.in\/blog\/wp-json\/wp\/v2\/types\/post"}],"author":[{"embeddable":true,"href":"https:\/\/nalua.in\/blog\/wp-json\/wp\/v2\/users\/1"}],"replies":[{"embeddable":true,"href":"https:\/\/nalua.in\/blog\/wp-json\/wp\/v2\/comments?post=381"}],"version-history":[{"count":0,"href":"https:\/\/nalua.in\/blog\/wp-json\/wp\/v2\/posts\/381\/revisions"}],"wp:attachment":[{"href":"https:\/\/nalua.in\/blog\/wp-json\/wp\/v2\/media?parent=381"}],"wp:term":[{"taxonomy":"category","embeddable":true,"href":"https:\/\/nalua.in\/blog\/wp-json\/wp\/v2\/categories?post=381"},{"taxonomy":"post_tag","embeddable":true,"href":"https:\/\/nalua.in\/blog\/wp-json\/wp\/v2\/tags?post=381"}],"curies":[{"name":"wp","href":"https:\/\/api.w.org\/{rel}","templated":true}]}}