{"id":350,"date":"2008-01-15T12:26:36","date_gmt":"2008-01-15T14:26:36","guid":{"rendered":"http:\/\/levezadoser.blog.br\/corrientes\/"},"modified":"2008-01-15T12:26:36","modified_gmt":"2008-01-15T14:26:36","slug":"corrientes","status":"publish","type":"post","link":"https:\/\/nalua.in\/blog\/corrientes\/","title":{"rendered":"corrientes"},"content":{"rendered":"<p style=\"TEXT-ALIGN: justify\">Bom, eu n\u00e3o tenho cabe\u00e7a pra mais nada n\u00e9? Al\u00e9m disso estou altamente monotem\u00e1tica, s\u00f3 penso nisso, s\u00f3 falo disso.<\/p>\n<p style=\"TEXT-ALIGN: justify\">A viagem t\u00e1 chegando e acho que vou bem, porque se eu me conhe\u00e7o um pouco n\u00e3o vou ter crise de compuls\u00e3o por l\u00e1 n\u00e9? Apesar dos alfajores e cia&#8230;<\/p>\n<p style=\"TEXT-ALIGN: justify\">Mas depois da viagem esse blog volta com for\u00e7a total, espero.<\/p>\n<p style=\"TEXT-ALIGN: justify\">Por enquanto Av. Corrientes, aqui vou eu. At\u00e9 a volta. Ou antes se acontecer algo que deva contar.<\/p>\n<p style=\"TEXT-ALIGN: justify\">Por enquanto, o tango que tornou essa avenida para onde eu vou famosa. E n\u00e3o reparem ser Julio Iglesias. Porque eu gosto dele, t\u00e1?<\/p>\n<p style=\"TEXT-ALIGN: center\"><object width=\"287\" style=\"WIDTH: 287px; HEIGHT: 203px\" height=\"203\"><param name=\"movie\" value=\"http:\/\/www.youtube.com\/v\/MonlSki8bvc&amp;rel=1\"\/><param name=\"wmode\" value=\"transparent\"\/><embed height=\"203\" width=\"287\" wmode=\"transparent\" type=\"application\/x-shockwave-flash\" src=\"http:\/\/www.youtube.com\/v\/MonlSki8bvc&amp;rel=1\"\/><\/object><\/p>\n<p><\/p>\n<p style=\"TEXT-ALIGN: justify\">Interessante \u00e9 que eu cresci com meu pai ouvindo e minha m\u00e3e cantando &#8220;<em>Corrientes, 348, quem sobe ao segundo andar?<\/em>&#8221; E agora na primeira vez que saio do pa\u00ed\u00ads \u00e9 justo para ficar na Av. Corrientes&#8230;<\/p>\n<p><\/p>\n<p style=\"TEXT-ALIGN: justify\"><em>Bueno, Hasta la vista<\/em>&#8230;<\/p>\n<p><\/p>\n","protected":false},"excerpt":{"rendered":"<p>Bom, eu n\u00e3o tenho cabe\u00e7a pra mais nada n\u00e9? Al\u00e9m disso estou altamente monotem\u00e1tica, s\u00f3 penso nisso, s\u00f3 falo disso. A viagem t\u00e1 chegando e acho que vou bem, porque se eu me conhe\u00e7o um pouco n\u00e3o vou ter crise de compuls\u00e3o por l\u00e1 n\u00e9? Apesar dos alfajores e cia&#8230; Mas depois da viagem esse &hellip; <a href=\"https:\/\/nalua.in\/blog\/corrientes\/\" class=\"more-link\">Continuar lendo <span class=\"screen-reader-text\">corrientes<\/span><\/a><\/p>\n","protected":false},"author":1,"featured_media":0,"comment_status":"open","ping_status":"open","sticky":false,"template":"","format":"standard","meta":{"footnotes":""},"categories":[86],"tags":[],"class_list":["post-350","post","type-post","status-publish","format-standard","hentry","category-me-myself-an-i"],"_links":{"self":[{"href":"https:\/\/nalua.in\/blog\/wp-json\/wp\/v2\/posts\/350","targetHints":{"allow":["GET"]}}],"collection":[{"href":"https:\/\/nalua.in\/blog\/wp-json\/wp\/v2\/posts"}],"about":[{"href":"https:\/\/nalua.in\/blog\/wp-json\/wp\/v2\/types\/post"}],"author":[{"embeddable":true,"href":"https:\/\/nalua.in\/blog\/wp-json\/wp\/v2\/users\/1"}],"replies":[{"embeddable":true,"href":"https:\/\/nalua.in\/blog\/wp-json\/wp\/v2\/comments?post=350"}],"version-history":[{"count":0,"href":"https:\/\/nalua.in\/blog\/wp-json\/wp\/v2\/posts\/350\/revisions"}],"wp:attachment":[{"href":"https:\/\/nalua.in\/blog\/wp-json\/wp\/v2\/media?parent=350"}],"wp:term":[{"taxonomy":"category","embeddable":true,"href":"https:\/\/nalua.in\/blog\/wp-json\/wp\/v2\/categories?post=350"},{"taxonomy":"post_tag","embeddable":true,"href":"https:\/\/nalua.in\/blog\/wp-json\/wp\/v2\/tags?post=350"}],"curies":[{"name":"wp","href":"https:\/\/api.w.org\/{rel}","templated":true}]}}