{"id":338,"date":"2007-11-28T09:43:42","date_gmt":"2007-11-28T11:43:42","guid":{"rendered":"http:\/\/levezadoser.blog.br\/ana-e-rebeca\/"},"modified":"2007-11-28T09:43:42","modified_gmt":"2007-11-28T11:43:42","slug":"ana-e-rebeca","status":"publish","type":"post","link":"https:\/\/nalua.in\/blog\/ana-e-rebeca\/","title":{"rendered":"ana e rebeca"},"content":{"rendered":"<p align=\"center\"><img loading=\"lazy\" decoding=\"async\" class=\"alignleft\" src=\"http:\/\/levezadoser.wordpress.com\/files\/2007\/11\/meninaziraldo.gif\" alt=\"\" width=\"194\" height=\"255\" border=\"1\" \/><\/p>\n<p align=\"center\"><strong><em><span style=\"font-size: xx-small;\">Menina teve uma id\u00e9ia,<br \/>\ne ainda n\u00e3o sabia<br \/>\nse era id\u00e9ia brilhante.<br \/>\nMas sabia &#8211; isso sim &#8211;<br \/>\nque precisava testar,<br \/>\npra conseguir descobrir.<\/span><\/em><\/strong><\/p>\n<p align=\"center\"><span style=\"font-size: xx-small;\">Olha o Olho da Menina &#8211; Marisa Prado, disponibilizado pela autora on line<\/span><\/p>\n<p align=\"center\">&#8212;<\/p>\n<p style=\"text-align: justify;\" align=\"center\">\u00c2\u00a0Pois \u00e9. Nos coment\u00e1rios do post de ontem, a <a href=\"http:\/\/minhasesquisitices.blogspot.com\" target=\"_blank\" rel=\"noopener\">Ana<\/a> disse uma coisa muito legal: <em>que a compuls\u00e3o tamb\u00e9m era uma forma de quebrar regras<\/em>. Eu li isso e sabe quando acende uma luzinha no alto da cabe\u00e7a, como nos desenhos animados? Foi exatamente o que aconteceu comigo, fez at\u00e9 barulhinho!!!!<!--more--><\/p>\n<p align=\"justify\">\n<p align=\"justify\">Porque encaixou com algo que eu venho pensando h\u00e1 tempos, que \u00e9: O que eu fa\u00e7o com a Rebelde (chamada Rebeca) que mora em mim?<\/p>\n<p align=\"justify\">\n<p align=\"justify\">\n<p align=\"justify\">Eu desde pequena tenho uma veia muito, muito rebelde. Sou algu\u00e9m que detesta regras, detesta rituais, detesta imposi\u00e7\u00f5es e autoridades de todo tipo. (Mas como aqui tamb\u00e9m mora Estela, a Estranha, eu fui fazer Antropologia pra aprender o valor dos rituais e das regras na vida. E como n\u00e3o h\u00e1 humanidade poss\u00ed\u00advel sem elas. E fui cultivar a espiritualidade pra me entregar \u00ed\u00a0 mais arbitr\u00e1ria de todas a coisas que \u00e9 a divindade. Qualquer que seja, ainda que seja o Amor.)<\/p>\n<p align=\"justify\">\n<p align=\"justify\">Mas isso \u00e9 outra hist\u00f3ria, deixa eu concluir meu racioc\u00ed\u00adnio:<\/p>\n<p align=\"justify\">\n<p align=\"justify\">\n<p align=\"justify\">Ent\u00e3o minhas dietas, regimes, e RAs n\u00e3o duram nem meio dia, porque acordam furiosamente a furiosa Rebeca Rebelde. Ela n\u00e3o se conforma, grita esperneia, e diz: <em>n\u00e3o, n\u00e3o vou deixar. Voc\u00ea n\u00e3o vai se submeter a estas regras, a essa priva\u00e7\u00e3o de prazer n\u00e3o senhora! Voc\u00ea n\u00e3o vai se conformar com essa imposi\u00e7\u00e3o rid\u00ed\u00adcula da sociedade, ou seja l\u00e1 de quem for. N\u00e3o vai n\u00e3o!!!<\/em><\/p>\n<p align=\"justify\">\n<p align=\"justify\">E Rebeca a Rebelde, me for\u00e7a a ler coisas absolutamente maravilhosas como <a href=\"http:\/\/livros.blog.com\/1328534\/\" target=\"_blank\" rel=\"noopener\">esta aqui.<\/a> <a href=\"http:\/\/livros.blog.com\/1447225\/\" target=\"_blank\" rel=\"noopener\">E esta<\/a>. <a href=\"http:\/\/feminista.wordpress.com\/2007\/03\/05\/genero-corpo-conhecimento\/\" target=\"_blank\" rel=\"noopener\">E esta<\/a> (s\u00f3 pra falar de algumas das leituras que tem a ver diretamente com o corpo), o que alimenta ainda mais sua sanha, pois desnudam muitos v\u00e9us de coisas e mitos e etc\u00e9teras que nos prendem.<\/p>\n<p align=\"justify\">\n<p align=\"justify\">Eu j\u00e1 desconfiava que tinha uma boa dose de rebeldia tanto na minha gordura, como na compuls\u00e3o. <strong>Eu como e engordo <span style=\"text-decoration: underline;\">tamb\u00e9m<\/span> porque <em>n\u00e3o pode<\/em><\/strong>. Porque n\u00e3o deve, porque todo mundo se priva, <em>mas eu n\u00e3o, eu n\u00e3o vou fazer isso<\/em>. Grita Rebeca. Tamb\u00e9m porque no mundo de hoje ser gordo \u00e9 praticamente uma aberra\u00e7\u00e3o, \u00e9 um pecado. T\u00e1 todo mundo fechando a boca, se conformando. Rebeca n\u00e3o. O mundo est\u00e1 invadido cada vez mais por uma carbofobia? Ent\u00e3o Rebeca ama os campos de trigo, de milho&#8230; \u00c9 verdade o <em>sugar blues<\/em> ou \u00e9 mais um del\u00ed\u00adrio? Rebeca v\u00ea e me obriga estudar a import\u00e2ncia do a\u00e7\u00facar para o capitalismo, para a hist\u00f3ria da civiliza\u00e7\u00e3o, para as senzalas brasileiras&#8230; Pra provar sabe l\u00e1 o qu\u00ea.<\/p>\n<p align=\"justify\">\n<p align=\"justify\">T\u00e1 vendo que Rebeca me impulsiona tamb\u00e9m? Mas Rebeca \u00e9 adolescente, precisa de orienta\u00e7\u00e3o&#8230;<\/p>\n<p align=\"justify\">\n<p align=\"justify\">\n<p align=\"justify\">\n<p align=\"justify\">E ontem o coment\u00e1rio da <a href=\"http:\/\/minhasesquisitices.blogspot.com\" target=\"_blank\" rel=\"noopener\">Ana<\/a> chegou numa boa hora porque eu percebi que Rebeca Rebelde na verdade n\u00e3o quer protestar contra isso exatamente. Na verdade ela quer se livrar \u00e9 de outras situa\u00e7\u00f5es bem mais delicadas que existem na minha vida, mas n\u00e3o encontra for\u00e7as. Ou n\u00e3o encontra meios, na verdade. Ent\u00e3o ela pensa, olha, olha, e decide atacar a parte mais vulner\u00e1vel que \u00e9 essa parte da comida. Talvez seja um grito desesperado pra me fazer entender que com certas coisas n\u00e3o d\u00e1 pra me conformar. Realmente \u00e9 preciso gritar, espernear e&#8230; Mudar.<\/p>\n<p align=\"justify\">\n<p align=\"justify\">\n<p align=\"justify\">Talvez ela esbraveje tanto pra me fazer acordar. E talvez ela tenha me feito inchar tanto tanto pra que eu enxergue isso, n\u00e3o \u00e9 engordando que eu vou dar jeito em nada, s\u00f3 vou alimentar o carrasco que me prende. Mas isso \u00e9 outra longa hist\u00f3ria tamb\u00e9m, fica pra depois. Essa da gordura ser uma big pris\u00e3o, um carrasco na verdade.<\/p>\n<p align=\"justify\">\n<p align=\"justify\">\n<p align=\"justify\">A\u00ed\u00ad eu aprendi ontem que o Caminho vai passar for\u00e7osamente pela Rebeca. Pela satisfa\u00e7\u00e3o da fome dessa Rebelde. Que no fundo no fundo n\u00e3o se conforma em me ver infeliz. E por alimentar a bichinha adequadamente. E aprender com ela que a minha rebeldia pode ser melhor, bem melhor aproveitada&#8230;<\/p>\n<p align=\"justify\">\n<p align=\"justify\">\n<p align=\"justify\">Por isso, <em>thank you very very much<\/em> <a href=\"http:\/\/minhasesquisitices.blogspot.com\">Ana<\/a>!!!<\/p>\n","protected":false},"excerpt":{"rendered":"<p>Menina teve uma id\u00e9ia, e ainda n\u00e3o sabia se era id\u00e9ia brilhante. Mas sabia &#8211; isso sim &#8211; que precisava testar, pra conseguir descobrir. Olha o Olho da Menina &#8211; Marisa Prado, disponibilizado pela autora on line &#8212; \u00c2\u00a0Pois \u00e9. Nos coment\u00e1rios do post de ontem, a Ana disse uma coisa muito legal: que a &hellip; <a href=\"https:\/\/nalua.in\/blog\/ana-e-rebeca\/\" class=\"more-link\">Continuar lendo <span class=\"screen-reader-text\">ana e rebeca<\/span><\/a><\/p>\n","protected":false},"author":1,"featured_media":0,"comment_status":"open","ping_status":"open","sticky":false,"template":"","format":"standard","meta":{"footnotes":""},"categories":[86],"tags":[106],"class_list":["post-338","post","type-post","status-publish","format-standard","hentry","category-me-myself-an-i","tag-pens"],"_links":{"self":[{"href":"https:\/\/nalua.in\/blog\/wp-json\/wp\/v2\/posts\/338","targetHints":{"allow":["GET"]}}],"collection":[{"href":"https:\/\/nalua.in\/blog\/wp-json\/wp\/v2\/posts"}],"about":[{"href":"https:\/\/nalua.in\/blog\/wp-json\/wp\/v2\/types\/post"}],"author":[{"embeddable":true,"href":"https:\/\/nalua.in\/blog\/wp-json\/wp\/v2\/users\/1"}],"replies":[{"embeddable":true,"href":"https:\/\/nalua.in\/blog\/wp-json\/wp\/v2\/comments?post=338"}],"version-history":[{"count":0,"href":"https:\/\/nalua.in\/blog\/wp-json\/wp\/v2\/posts\/338\/revisions"}],"wp:attachment":[{"href":"https:\/\/nalua.in\/blog\/wp-json\/wp\/v2\/media?parent=338"}],"wp:term":[{"taxonomy":"category","embeddable":true,"href":"https:\/\/nalua.in\/blog\/wp-json\/wp\/v2\/categories?post=338"},{"taxonomy":"post_tag","embeddable":true,"href":"https:\/\/nalua.in\/blog\/wp-json\/wp\/v2\/tags?post=338"}],"curies":[{"name":"wp","href":"https:\/\/api.w.org\/{rel}","templated":true}]}}