{"id":333,"date":"2007-11-17T16:27:45","date_gmt":"2007-11-17T18:27:45","guid":{"rendered":"http:\/\/levezadoser.blog.br\/tiranias\/"},"modified":"2007-11-17T16:27:45","modified_gmt":"2007-11-17T18:27:45","slug":"tiranias","status":"publish","type":"post","link":"https:\/\/nalua.in\/blog\/tiranias\/","title":{"rendered":"tiranias"},"content":{"rendered":"<p align=\"justify\"><img loading=\"lazy\" decoding=\"async\" src=\"http:\/\/levezadoser.wordpress.com\/files\/2007\/11\/porquecomemos.jpg\" alt=\"porquecomemos.jpg\" width=\"150\" height=\"216\" align=\"right\" border=\"1\" hspace=\"10\" vspace=\"10\" \/>Essa semana eu li <a href=\"http:\/\/livros.blog.com\/2309989\/\" target=\"_blank\" rel=\"noopener\">esse livro<\/a>. Porque comemos tanto. De <a href=\"http:\/\/veja.abril.com.br\/151106\/p_124.html\" target=\"_blank\" rel=\"noopener\">Brian Wasnick<\/a>. \u00c9 bem mais interessante do que eu esperava, foge do muito \u00f3bvio no assunto comer. Eu at\u00e9 posso (e vou) falar um pouco mais sobre ele em outra ocasi\u00e3o, mas agora preciso dizer sobre algo que acontecia comigo e que este livro nomeou. E ao nomear, clarificou muito a coisa. Porque a gente sabe que as coisas sem nome \u00e1s vezes s\u00e3o invis\u00ed\u00adveis, mas \u00ed\u00a0s vezes t\u00eam um poder muito grande. Um poder mais fluido, mais insidioso.<\/p>\n<p align=\"justify\">\n<p align=\"justify\">Pois bem, ao ler este livro, bem l\u00e1 nos finalmentes ele fala de um fato que chama de &#8220;a tirania do momento&#8221;. Que seria o seguinte, nas palavras do autor:<!--more--><\/p>\n<blockquote>\n<p align=\"justify\">\n<p align=\"justify\"><em>&#8220;podemos nos comprometer a fazer uma pequena mudan\u00e7a na vida, como n\u00e3o fazer comer doces antes do jantar. Podemos anot\u00e1-la, fazer o sinal da cruz sobre o cora\u00e7\u00e3o em juramento e anunci\u00e1-la a todo mundo. Podemos estar falando s\u00e9rio, de verdade. Mas avancemos dois dias. Foi um dia fren\u00e9tico no trabalho, voc\u00ea ficou 45 minutos preso no tr\u00e2nsito antes de chegar em casa, est\u00e1 exausto e sabe que tem uma barra de chocolate no canto esquerdo da porta da geladeira esperando voc\u00ea. \u00c9 f\u00e1cil quebrar seu juramento, afinal de contas hoje \u00e9 uma exce\u00e7\u00e3o &#8211; foi um dia dif\u00ed\u00adcil e, para falar a verdade, voc\u00ea n\u00e3o comeu muito bem no caf\u00e9 da manh\u00e3. Seu plano de alimenta\u00e7\u00e3o consciente acaba de ser frustrado pela tirania do momento. e o momento &#8211; exatamente esse momento, excepcional &#8211; ganha forma tir\u00e2nica e constante.&#8221;<\/em><\/p>\n<\/blockquote>\n<p align=\"justify\">\n<p align=\"justify\">Eu j\u00e1 tinha percebido que isso acontece muito comigo. Eu vivo permanentemente sob um estado de exce\u00e7\u00e3o. Pois o meu trabalho n\u00e3o tem hor\u00e1rio, n\u00e3o tem local definido, n\u00e3o tem const\u00e2ncia absolutamente nenhuma &#8211; a n\u00e3o ser no aborrecimento di\u00e1rio. (Meu trabalho \u00e9 um excelente trabalho, disputado no \u00faltimo concurso por mais ou menos uns 30.000 advogados. Mas \u00e9 altamente estressante.)<\/p>\n<p align=\"justify\">\n<p align=\"justify\">Eu n\u00e3o tenho rotina nenhuma no meu trabalho, nada \u00e9 certo e os dias todos s\u00e3o muito desgastantes emocionalmente. Eu sei que isso n\u00e3o \u00e9 privil\u00e9gio meu, e que ter um trabalho agrad\u00e1vel \u00e9 uma d\u00e1diva, n\u00e3o \u00e9 o que acontece com todo mundo. Pelo contr\u00e1rio. Mas o meu tem a peculiaridade de n\u00e3o ter nenhuma rotina pr\u00e9 estabelecida. De n\u00e3o ter sequer um local predefinido. E de n\u00e3o ter nenhum ponto de pausa. O qu\u00ea, combinado com minha personalidade altamente indisciplinada \u00e9 arruinante. E me faz viver em permanente estado de exce\u00e7\u00e3o. O que n\u00e3o \u00e9 bom, a gente v\u00ea os jornais e sabe que <a href=\"http:\/\/oglobo.globo.com\/mundo\/mat\/2007\/11\/04\/327024792.asp\" target=\"_blank\" rel=\"noopener\">estado de exce\u00e7\u00e3o \u00e9 uma merda<\/a>. Nem tem muito tempo que sa\u00ed\u00admos de <a href=\"http:\/\/pt.wikipedia.org\/wiki\/Golpe_militar_de_1964\" target=\"_blank\" rel=\"noopener\">um<\/a>. E <a href=\"http:\/\/pt.wikipedia.org\/wiki\/Terceiro_Reich\" target=\"_blank\" rel=\"noopener\">outro estado de exce\u00e7\u00e3o<\/a> marcou a humanidade pra sempre.<\/p>\n<p align=\"justify\">\n<p align=\"justify\">T\u00e1 legal, eu sou exagerada mesmo. Se n\u00e3o fosse n\u00e3o pesaria o que peso. Mas a compara\u00e7\u00e3o \u00e9 s\u00f3 pra mostrar o estrago que a falta de rotina &#8211; ou para ser mais exata &#8211; a falta de planejamento e mais uma vez a pregui\u00e7a fazem na minha vida.<\/p>\n<p align=\"justify\">\n<p align=\"justify\"><img loading=\"lazy\" decoding=\"async\" src=\"http:\/\/pic20.picturetrail.com\/VOL1474\/7047289\/13492833\/200920094.jpg\" alt=\"\" width=\"220\" height=\"316\" align=\"left\" \/>A segunda \u00e9 uma exce\u00e7\u00e3o. A ter\u00e7a e a quarta tamb\u00e9m. A quinta idem. A sexta, bem, \u00e9 sexta n\u00e9? E no s\u00e1bado e no domingo eu t\u00f4 cansada demais, desgastada demais e com as baterias mentais pifando pra me preocupar em comer menos calorias. Vivo num estado de exce\u00e7\u00e3o. E a tirania do momento se instala. Eu viro escrava. E escrava, prisioneira \u00e9 como me sinto. Mas reparem que foi uma pris\u00e3o que eu cavei com minhas lindas e gordas m\u00e3ozinhas. Que n\u00e3o eram t\u00e3o gordinhas.<\/p>\n<p align=\"justify\">\n<p align=\"justify\">Da\u00ed\u00ad que lendo esse livro eu pude ao menos nomear a coisa. Tirania do momento. T\u00e3o f*%d@ como a tirania dos fracos. E percebo que \u00e9 preciso aceitar que minha rotina \u00e9 a exce\u00e7\u00e3o e que os momentos na verdade n\u00e3o s\u00e3o momentos, s\u00e3o os meus dias. Que se transformam em semanas, meses, que se transforma em anos.<\/p>\n<p align=\"justify\">\n<p align=\"justify\">N\u00e3o d\u00e1 mais pra fingir que t\u00e1 tudo bem. N\u00e3o est\u00e1. E daqui a pouco pode ser muito tarde pra um monte de coisas. Que infelizmente, e \u00ed\u00a0 parte todas as cr\u00ed\u00adticas que possa ter a esse modelo que nos obriga a querer secar toda corpo todo vest\u00ed\u00adgio de gordura, \u00e9 mais real que o rei. E me subjuga tamb\u00e9m, produto do meio, da cultura e de tudo isso a\u00ed\u00ad que tamb\u00e9m sou.<\/p>\n<p align=\"justify\">\n<p align=\"justify\">O autor at\u00e9 aponta solu\u00e7\u00e3o para escapar desta armadilha, mas disso eu falo depois.<\/p>\n","protected":false},"excerpt":{"rendered":"<p>Essa semana eu li esse livro. Porque comemos tanto. De Brian Wasnick. \u00c9 bem mais interessante do que eu esperava, foge do muito \u00f3bvio no assunto comer. Eu at\u00e9 posso (e vou) falar um pouco mais sobre ele em outra ocasi\u00e3o, mas agora preciso dizer sobre algo que acontecia comigo e que este livro nomeou. &hellip; <a href=\"https:\/\/nalua.in\/blog\/tiranias\/\" class=\"more-link\">Continuar lendo <span class=\"screen-reader-text\">tiranias<\/span><\/a><\/p>\n","protected":false},"author":1,"featured_media":0,"comment_status":"open","ping_status":"open","sticky":false,"template":"","format":"standard","meta":{"footnotes":""},"categories":[38,40,44],"tags":[],"class_list":["post-333","post","type-post","status-publish","format-standard","hentry","category-leituras","category-leveza","category-livros"],"_links":{"self":[{"href":"https:\/\/nalua.in\/blog\/wp-json\/wp\/v2\/posts\/333","targetHints":{"allow":["GET"]}}],"collection":[{"href":"https:\/\/nalua.in\/blog\/wp-json\/wp\/v2\/posts"}],"about":[{"href":"https:\/\/nalua.in\/blog\/wp-json\/wp\/v2\/types\/post"}],"author":[{"embeddable":true,"href":"https:\/\/nalua.in\/blog\/wp-json\/wp\/v2\/users\/1"}],"replies":[{"embeddable":true,"href":"https:\/\/nalua.in\/blog\/wp-json\/wp\/v2\/comments?post=333"}],"version-history":[{"count":0,"href":"https:\/\/nalua.in\/blog\/wp-json\/wp\/v2\/posts\/333\/revisions"}],"wp:attachment":[{"href":"https:\/\/nalua.in\/blog\/wp-json\/wp\/v2\/media?parent=333"}],"wp:term":[{"taxonomy":"category","embeddable":true,"href":"https:\/\/nalua.in\/blog\/wp-json\/wp\/v2\/categories?post=333"},{"taxonomy":"post_tag","embeddable":true,"href":"https:\/\/nalua.in\/blog\/wp-json\/wp\/v2\/tags?post=333"}],"curies":[{"name":"wp","href":"https:\/\/api.w.org\/{rel}","templated":true}]}}