{"id":326,"date":"2007-10-31T11:23:32","date_gmt":"2007-10-31T13:23:32","guid":{"rendered":"http:\/\/levezadoser.blog.br\/agendinha-leve\/"},"modified":"2007-10-31T11:23:32","modified_gmt":"2007-10-31T13:23:32","slug":"agendinha-leve","status":"publish","type":"post","link":"https:\/\/nalua.in\/blog\/agendinha-leve\/","title":{"rendered":"agendinha leve"},"content":{"rendered":"<p align=\"justify\"><a href=\"http:\/\/farm3.static.flickr.com\/2355\/1808675996_a198803a61_b.jpg\" rel=\"lightbox\"><img loading=\"lazy\" decoding=\"async\" src=\"http:\/\/farm3.static.flickr.com\/2355\/1808675996_a198803a61_b.jpg\" align=\"left\" border=\"1\" height=\"261\" hspace=\"5\" vspace=\"5\" width=\"350\" \/><\/a>Eu resolvi voltar a escrever uma agenda magra. \u00c9 um excelente pretexto para voltar a ser crian\u00e7a\/adolescente, dar vaz\u00e3o \u00ed\u00a0 minha paix\u00e3o por recortes e agendinhas e ainda me motivar. Se d\u00e1 certo? N\u00e3o sei, mas me relaxa, eu curto ficar escrevendo frases bobinhas de auto-motiva\u00e7\u00e3o, curto ficar recortando palavrinhas, colando, decorando as p\u00e1ginas&#8230;Tirei at\u00e9 fotos e coloquei no <a href=\"http:\/\/www.flickr.com\/photos\/levezadeser\/sets\/72057594065916761\/\" target=\"_blank\" rel=\"noopener\">flickr<\/a>, que vai ser o registro virtual do processo todo. Talvez seja uma grande bobagem, mas o fato de eu gostar de fazer j\u00e1 \u00e9 motivo mais do que suficiente pra mim. Ent\u00e3o aqui v\u00e3o fotos de algumas das p\u00e1ginas pra ilustrar. <a href=\"http:\/\/levezadeser.blogspot.com\/2006\/05\/meu-querido-e-magro-dirio.html\" target=\"_blank\" rel=\"noopener\">No outro blog eu j\u00e1 tinha feito isso e curti muito<\/a>.<\/p>\n<p align=\"justify\">As fotos de p\u00e1ginas cor-de-rosa do flickr s\u00e3o da agenda velha, do ano passado. As verdes s\u00e3o as novas.<\/p>\n<p align=\"justify\">&nbsp;<\/p>\n<p align=\"justify\"><em>Clique na foto para ampliar.\u00c2\u00a0<\/em><\/p>\n<p align=\"justify\">&nbsp;<\/p>\n","protected":false},"excerpt":{"rendered":"<p>Eu resolvi voltar a escrever uma agenda magra. \u00c9 um excelente pretexto para voltar a ser crian\u00e7a\/adolescente, dar vaz\u00e3o \u00ed\u00a0 minha paix\u00e3o por recortes e agendinhas e ainda me motivar. Se d\u00e1 certo? N\u00e3o sei, mas me relaxa, eu curto ficar escrevendo frases bobinhas de auto-motiva\u00e7\u00e3o, curto ficar recortando palavrinhas, colando, decorando as p\u00e1ginas&#8230;Tirei at\u00e9 &hellip; <a href=\"https:\/\/nalua.in\/blog\/agendinha-leve\/\" class=\"more-link\">Continuar lendo <span class=\"screen-reader-text\">agendinha leve<\/span><\/a><\/p>\n","protected":false},"author":1,"featured_media":0,"comment_status":"open","ping_status":"open","sticky":false,"template":"","format":"standard","meta":{"footnotes":""},"categories":[86],"tags":[],"class_list":["post-326","post","type-post","status-publish","format-standard","hentry","category-me-myself-an-i"],"_links":{"self":[{"href":"https:\/\/nalua.in\/blog\/wp-json\/wp\/v2\/posts\/326","targetHints":{"allow":["GET"]}}],"collection":[{"href":"https:\/\/nalua.in\/blog\/wp-json\/wp\/v2\/posts"}],"about":[{"href":"https:\/\/nalua.in\/blog\/wp-json\/wp\/v2\/types\/post"}],"author":[{"embeddable":true,"href":"https:\/\/nalua.in\/blog\/wp-json\/wp\/v2\/users\/1"}],"replies":[{"embeddable":true,"href":"https:\/\/nalua.in\/blog\/wp-json\/wp\/v2\/comments?post=326"}],"version-history":[{"count":0,"href":"https:\/\/nalua.in\/blog\/wp-json\/wp\/v2\/posts\/326\/revisions"}],"wp:attachment":[{"href":"https:\/\/nalua.in\/blog\/wp-json\/wp\/v2\/media?parent=326"}],"wp:term":[{"taxonomy":"category","embeddable":true,"href":"https:\/\/nalua.in\/blog\/wp-json\/wp\/v2\/categories?post=326"},{"taxonomy":"post_tag","embeddable":true,"href":"https:\/\/nalua.in\/blog\/wp-json\/wp\/v2\/tags?post=326"}],"curies":[{"name":"wp","href":"https:\/\/api.w.org\/{rel}","templated":true}]}}