{"id":323,"date":"2007-10-27T14:29:27","date_gmt":"2007-10-27T16:29:27","guid":{"rendered":"http:\/\/levezadoser.blog.br\/criancas-insatisfeitas\/"},"modified":"2007-10-27T14:29:27","modified_gmt":"2007-10-27T16:29:27","slug":"criancas-insatisfeitas","status":"publish","type":"post","link":"https:\/\/nalua.in\/blog\/criancas-insatisfeitas\/","title":{"rendered":"crian\u00e7as insatisfeitas"},"content":{"rendered":"<p align=\"center\">Eu li esta not\u00ed\u00adcia na Revista V*eja de 03\/10\/07 <span style=\"font-size: xx-small;\">(aquela que tem uma reportagem absolutamente imbecil sobre o Che Guevara)<\/span>:<\/p>\n<p align=\"center\">\n<p align=\"justify\"><em>Um estudo da Universidade Federal de Minas Gerais mostra que 62% das crian\u00e7as e adolescentes est\u00e3o insatisfeitos com seu corpo. De acordo com a pediatra Ana Elisa Fernandes, autora do trabalho, essa propor\u00e7\u00e3o tende a crescer ainda mais porque os jovens se sentem pressionados pelos meios de comunica\u00e7\u00e3o, amigos e pais a se enquadrar nos padr\u00f5es est\u00e9ticos atuais.<\/em><\/p>\n<p align=\"center\">\n<p align=\"center\"><a rel=\"lightbox\" href=\"http:\/\/levezadoser.blog.br\/arquivos\/2007\/10\/insatisfeitospeso.jpg\"><img loading=\"lazy\" decoding=\"async\" src=\"http:\/\/levezadoser.blog.br\/arquivos\/2007\/10\/insatisfeitospeso.jpg\" alt=\"\" width=\"421\" height=\"258\" \/><\/a><\/p>\n<p align=\"center\"><em><span style=\"font-size: xx-small;\">Clique para ampliar<\/span><\/em><\/p>\n<p align=\"justify\">Procurando mais sobre a pesquisa, eu achei a disserta\u00e7\u00e3o de mestrado que deu origem \u00ed\u00a0 not\u00ed\u00adcia e achei na Biblioteca da UfMG, est\u00e1 dispon\u00ed\u00advel para ser lida. <a href=\"http:\/\/hdl.handle.net\/1843\/ECJS-76KMH6\">Aqui<\/a> voc\u00ea pode ver um resumo da disserta\u00e7\u00e3o  citada. E tamb\u00e9m pode ser baixada e lida <a href=\"http:\/\/www.bibliotecadigital.ufmg.br\/dspace\/bitstream\/1843\/ECJS-76KMH6\/1\/ana_elisa_ribeiro_fernandes.pdf\">aqui<\/a>.<\/p>\n<p align=\"justify\">Eu acho muito triste que isto esteja acontecendo, uma gera\u00e7\u00e3o inteira de crian\u00e7as infelizes com a apar\u00eancia. E justo numa sociedade que valoriza t\u00e3o desesperadamente a apar\u00eancia.<\/p>\n","protected":false},"excerpt":{"rendered":"<p>Eu li esta not\u00ed\u00adcia na Revista V*eja de 03\/10\/07 (aquela que tem uma reportagem absolutamente imbecil sobre o Che Guevara): Um estudo da Universidade Federal de Minas Gerais mostra que 62% das crian\u00e7as e adolescentes est\u00e3o insatisfeitos com seu corpo. De acordo com a pediatra Ana Elisa Fernandes, autora do trabalho, essa propor\u00e7\u00e3o tende a &hellip; <a href=\"https:\/\/nalua.in\/blog\/criancas-insatisfeitas\/\" class=\"more-link\">Continuar lendo <span class=\"screen-reader-text\">crian\u00e7as insatisfeitas<\/span><\/a><\/p>\n","protected":false},"author":1,"featured_media":0,"comment_status":"open","ping_status":"open","sticky":false,"template":"","format":"standard","meta":{"footnotes":""},"categories":[40],"tags":[],"class_list":["post-323","post","type-post","status-publish","format-standard","hentry","category-leveza"],"_links":{"self":[{"href":"https:\/\/nalua.in\/blog\/wp-json\/wp\/v2\/posts\/323","targetHints":{"allow":["GET"]}}],"collection":[{"href":"https:\/\/nalua.in\/blog\/wp-json\/wp\/v2\/posts"}],"about":[{"href":"https:\/\/nalua.in\/blog\/wp-json\/wp\/v2\/types\/post"}],"author":[{"embeddable":true,"href":"https:\/\/nalua.in\/blog\/wp-json\/wp\/v2\/users\/1"}],"replies":[{"embeddable":true,"href":"https:\/\/nalua.in\/blog\/wp-json\/wp\/v2\/comments?post=323"}],"version-history":[{"count":0,"href":"https:\/\/nalua.in\/blog\/wp-json\/wp\/v2\/posts\/323\/revisions"}],"wp:attachment":[{"href":"https:\/\/nalua.in\/blog\/wp-json\/wp\/v2\/media?parent=323"}],"wp:term":[{"taxonomy":"category","embeddable":true,"href":"https:\/\/nalua.in\/blog\/wp-json\/wp\/v2\/categories?post=323"},{"taxonomy":"post_tag","embeddable":true,"href":"https:\/\/nalua.in\/blog\/wp-json\/wp\/v2\/tags?post=323"}],"curies":[{"name":"wp","href":"https:\/\/api.w.org\/{rel}","templated":true}]}}