{"id":321,"date":"2007-10-24T22:49:48","date_gmt":"2007-10-25T00:49:48","guid":{"rendered":"http:\/\/levezadoser.blog.br\/os-dedos-e-o-controle-das-emocoes\/"},"modified":"2007-10-24T22:49:48","modified_gmt":"2007-10-25T00:49:48","slug":"os-dedos-e-o-controle-das-emocoes","status":"publish","type":"post","link":"https:\/\/nalua.in\/blog\/os-dedos-e-o-controle-das-emocoes\/","title":{"rendered":"os dedos e o controle das emo\u00e7\u00f5es"},"content":{"rendered":"<p align=\"center\"><span style=\"text-decoration: underline;\"><img loading=\"lazy\" decoding=\"async\" class=\"alignleft\" src=\"http:\/\/levezadoser.blog.br\/arquivos\/2007\/10\/chidedos.jpg\" alt=\"\" width=\"349\" height=\"438\" \/>Os Dedos Correspondem a Emo\u00e7\u00f5es, Elementos e \u00ed\u201crg\u00e3os<\/span><\/p>\n<p align=\"justify\">A. O polegar corresponde ao elemento terra, e est\u00e1 associado ao est\u00f4mago. A emo\u00e7\u00e3o correspondente \u00e9 a preocupa\u00e7\u00e3o.<br \/>\nB. O dedo indicador corresponde ao elemento metal, e est\u00e1 associado aos pulm\u00f5es e ao intestino grosso. Est\u00e1 ligado \u00ed\u00a0s emo\u00e7\u00f5es da tristeza, do pesar e da depress\u00e3o.<br \/>\nC. O dedo m\u00e9dio corresponde ao elemento fogo, e est\u00e1 associado ao cora\u00e7\u00e3o, ao intestino delgado e aos aparelhos circulat\u00f3rio e respirat\u00f3rio. Est\u00e1 ligado \u00ed\u00a0s emo\u00e7\u00f5es da impaci\u00eancia e da precipita\u00e7\u00e3o.<br \/>\nD. O dedo anular corresponde ao elemento madeira e est\u00e1 associado ao f\u00ed\u00adgado, \u00ed\u00a0 ves\u00ed\u00adcula biliar e ao sistema nervoso; corresponde \u00ed\u00a0 emo\u00e7\u00e3o da raiva.<br \/>\nE. O dedo m\u00ed\u00adnimo corresponde ao elemento \u00e1gua; est\u00e1 associado aos rins e corresponde \u00ed\u00a0 emo\u00e7\u00e3o do medo.<\/p>\n<p align=\"justify\">Basta respirar e segurar o dedo corresponde \u00ed\u00a0 emo\u00e7\u00e3o que se quer controlar. A tend\u00eancia \u00e9 ela melhorar. Eu uso muito, mas algo no meu inconsciente n\u00e3o me deixa guardar quais dedos correspondem \u00ed\u00a0 quais emo\u00e7\u00f5es \ud83d\ude42<\/p>\n<p align=\"center\">\n<p align=\"center\"><em><span style=\"font-size: xx-small;\">Clique para ampliar<\/span><\/em><\/p>\n","protected":false},"excerpt":{"rendered":"<p>Os Dedos Correspondem a Emo\u00e7\u00f5es, Elementos e \u00ed\u201crg\u00e3os A. O polegar corresponde ao elemento terra, e est\u00e1 associado ao est\u00f4mago. A emo\u00e7\u00e3o correspondente \u00e9 a preocupa\u00e7\u00e3o. B. O dedo indicador corresponde ao elemento metal, e est\u00e1 associado aos pulm\u00f5es e ao intestino grosso. Est\u00e1 ligado \u00ed\u00a0s emo\u00e7\u00f5es da tristeza, do pesar e da depress\u00e3o. C. &hellip; <a href=\"https:\/\/nalua.in\/blog\/os-dedos-e-o-controle-das-emocoes\/\" class=\"more-link\">Continuar lendo <span class=\"screen-reader-text\">os dedos e o controle das emo\u00e7\u00f5es<\/span><\/a><\/p>\n","protected":false},"author":1,"featured_media":0,"comment_status":"open","ping_status":"open","sticky":false,"template":"","format":"standard","meta":{"footnotes":""},"categories":[40],"tags":[],"class_list":["post-321","post","type-post","status-publish","format-standard","hentry","category-leveza"],"_links":{"self":[{"href":"https:\/\/nalua.in\/blog\/wp-json\/wp\/v2\/posts\/321","targetHints":{"allow":["GET"]}}],"collection":[{"href":"https:\/\/nalua.in\/blog\/wp-json\/wp\/v2\/posts"}],"about":[{"href":"https:\/\/nalua.in\/blog\/wp-json\/wp\/v2\/types\/post"}],"author":[{"embeddable":true,"href":"https:\/\/nalua.in\/blog\/wp-json\/wp\/v2\/users\/1"}],"replies":[{"embeddable":true,"href":"https:\/\/nalua.in\/blog\/wp-json\/wp\/v2\/comments?post=321"}],"version-history":[{"count":0,"href":"https:\/\/nalua.in\/blog\/wp-json\/wp\/v2\/posts\/321\/revisions"}],"wp:attachment":[{"href":"https:\/\/nalua.in\/blog\/wp-json\/wp\/v2\/media?parent=321"}],"wp:term":[{"taxonomy":"category","embeddable":true,"href":"https:\/\/nalua.in\/blog\/wp-json\/wp\/v2\/categories?post=321"},{"taxonomy":"post_tag","embeddable":true,"href":"https:\/\/nalua.in\/blog\/wp-json\/wp\/v2\/tags?post=321"}],"curies":[{"name":"wp","href":"https:\/\/api.w.org\/{rel}","templated":true}]}}