{"id":299,"date":"2008-04-10T13:17:00","date_gmt":"2008-04-10T16:17:00","guid":{"rendered":"http:\/\/nalu.in\/299"},"modified":"2008-04-10T13:17:00","modified_gmt":"2008-04-10T16:17:00","slug":"post","status":"publish","type":"post","link":"https:\/\/nalua.in\/blog\/post\/","title":{"rendered":"post"},"content":{"rendered":"<p><a href=\"http:\/\/picasaweb.google.com.br\/nalualine\/Figuras\/photo?authkey=sK_ApxWlZwk#5187636931610174018\"\/><\/p>\n<p style=\"TEXT-ALIGN: center\"><a href=\"http:\/\/picasaweb.google.com.br\/nalualine\/Figuras\/photo?authkey=sK_ApxWlZwk#5187636931610174018\"\/><img loading=\"lazy\" decoding=\"async\" src=\"http:\/\/lh6.ggpht.com\/nalualine\/R_4wTdRSYkI\/AAAAAAAABMI\/g6DxjcgkVn0\/s800\/postsecretescape.jpg\" style=\"WIDTH: 300px; HEIGHT: 192px\" width=\"300\" height=\"192\"\/><\/p>\n<p style=\"TEXT-ALIGN: justify\">Eu j\u00e1 volto. Altas reformula\u00e7\u00f5es na minha cabe\u00e7a. Algo mudou aqui. Estou meio me sentindo outra pessoa. E j\u00e1 tem tempo. Alguns meses que eu n\u00e3o sou mais t\u00e3o eu e ao mesmo tempo sou ainda mais eu. N\u00e3o faz sentido nem \u00e9 pra fazer. N\u00e3o quero mais falar assim de emagrecer. N\u00e3o quero <em>falar<\/em> assim. E s\u00f3. Sobre isso. Mas o bl\u00e1bl\u00e1bl\u00e1 continua.<\/p>\n<p>O blog vai continuar, gosto deste lugar. Vou falar da minha reflex\u00e3o sobre emagrecer, mas <strong>tamb\u00e9m<\/strong>. Cansei desse tema, da maneira como vinha tratando. Tive uma semana ruim neste particular, que simplesmente botou a perder 3 semanas de dieta.<\/p>\n<p>Ent\u00e3o at\u00e9 daqui a pouco.<\/p>\n<p>=====<\/p>\n<p>Ah, esqueci de dizer que v\u00e3o continuar as doa\u00e7\u00f5es pra amiguinha <a href=\"http:\/\/engordandoapafuncia.wordpress.com\/\" target=\"_blank\" rel=\"noopener\">Paf\u00fancia<\/a>. Ainda mais agora que a mo\u00e7a t\u00e1 ficando famosa, ela tem que ficar bem na fita n\u00e9? Eu vou continuar colaborando pra que ela fique cada dia mais linda.<\/p>\n<p>=====<\/p>\n<p><em>E o Pedro Almod\u00f3var que tem <a href=\"http:\/\/www.pedroalmodovar.es\/PAB_ES_Cap02.asp\" target=\"_blank\" rel=\"noopener\">blog?<\/a><\/em><\/p>\n","protected":false},"excerpt":{"rendered":"<p>Eu j\u00e1 volto. Altas reformula\u00e7\u00f5es na minha cabe\u00e7a. Algo mudou aqui. Estou meio me sentindo outra pessoa. E j\u00e1 tem tempo. Alguns meses que eu n\u00e3o sou mais t\u00e3o eu e ao mesmo tempo sou ainda mais eu. N\u00e3o faz sentido nem \u00e9 pra fazer. N\u00e3o quero mais falar assim de emagrecer. N\u00e3o quero falar &hellip; <a href=\"https:\/\/nalua.in\/blog\/post\/\" class=\"more-link\">Continuar lendo <span class=\"screen-reader-text\">post<\/span><\/a><\/p>\n","protected":false},"author":1,"featured_media":0,"comment_status":"open","ping_status":"open","sticky":false,"template":"","format":"standard","meta":{"footnotes":""},"categories":[40],"tags":[],"class_list":["post-299","post","type-post","status-publish","format-standard","hentry","category-leveza"],"_links":{"self":[{"href":"https:\/\/nalua.in\/blog\/wp-json\/wp\/v2\/posts\/299","targetHints":{"allow":["GET"]}}],"collection":[{"href":"https:\/\/nalua.in\/blog\/wp-json\/wp\/v2\/posts"}],"about":[{"href":"https:\/\/nalua.in\/blog\/wp-json\/wp\/v2\/types\/post"}],"author":[{"embeddable":true,"href":"https:\/\/nalua.in\/blog\/wp-json\/wp\/v2\/users\/1"}],"replies":[{"embeddable":true,"href":"https:\/\/nalua.in\/blog\/wp-json\/wp\/v2\/comments?post=299"}],"version-history":[{"count":0,"href":"https:\/\/nalua.in\/blog\/wp-json\/wp\/v2\/posts\/299\/revisions"}],"wp:attachment":[{"href":"https:\/\/nalua.in\/blog\/wp-json\/wp\/v2\/media?parent=299"}],"wp:term":[{"taxonomy":"category","embeddable":true,"href":"https:\/\/nalua.in\/blog\/wp-json\/wp\/v2\/categories?post=299"},{"taxonomy":"post_tag","embeddable":true,"href":"https:\/\/nalua.in\/blog\/wp-json\/wp\/v2\/tags?post=299"}],"curies":[{"name":"wp","href":"https:\/\/api.w.org\/{rel}","templated":true}]}}