{"id":294,"date":"2008-02-28T23:32:38","date_gmt":"2008-02-29T02:32:38","guid":{"rendered":"http:\/\/nalu.in\/294"},"modified":"2008-02-28T23:32:38","modified_gmt":"2008-02-29T02:32:38","slug":"interpretacao-da-lei-nao-tera-distincao-de-genero","status":"publish","type":"post","link":"https:\/\/nalua.in\/blog\/interpretacao-da-lei-nao-tera-distincao-de-genero\/","title":{"rendered":"Interpreta\u00e7\u00e3o da lei n\u00e3o ter\u00e1 distin\u00e7\u00e3o de G\u00eanero"},"content":{"rendered":"<p> Eu fico pensando que eu realmente devo ter sido abduzida e n\u00e3o lembro, porque se isso \u00e9 not\u00ed\u00adcia e precisa ser decidido, \u00e9 porque eu t\u00f4 no planeta errado mesmo.<\/p>\n<p align=\"center\"><em><strong> Interpreta\u00e7\u00e3o da lei n\u00e3o ter\u00e1 distin\u00e7\u00e3o de G\u00eanero<\/strong><\/em><\/p>\n<p align=\"justify\"> <!-- \t\t\t \t\t\t--><\/p>\n<p class=\"content\" align=\"justify\">&nbsp;<\/p>\n<p class=\"MsoNormal\" style=\"margin: 0cm 0cm 0pt\" align=\"justify\"><span style=\"font-size: 10pt; font-family: Verdana\" lang=\"PT\">As mulheres brasileiras n\u00e3o poder\u00e3o mais ser privadas de direitos legais por causa de m\u00e1 interpreta\u00e7\u00e3o das leis que garantem direitos a todos os trabalhadores &#8211; express\u00e3o utilizada no g\u00eanero masculino, mas que engloba ambos os g\u00eaneros.<o :p><\/o><\/span><\/p>\n<p align=\"justify\">&nbsp;<\/p>\n<p class=\"MsoNormal\" style=\"margin: 0cm 0cm 0pt\" align=\"justify\"><span style=\"font-size: 10pt; font-family: Verdana\" lang=\"PT\"><o :p> <\/o><\/span><\/p>\n<p align=\"justify\">&nbsp;<\/p>\n<p class=\"MsoNormal\" style=\"margin: 0cm 0cm 0pt\" align=\"justify\"><span style=\"font-size: 10pt; font-family: Verdana\" lang=\"PT\">O reconhecimento dos direitos femininos est\u00e1 previsto no Projeto de Lei do Senado 62\/06 &#8211; Complementar, da senadora Roseana Sarney (PMDB\/MA), que recebeu nesta quarta-feira (27) parecer favor\u00e1vel da Comiss\u00e3o de Constitui\u00e7\u00e3o, Justi\u00e7a do Senado <span>(CCJ)<\/span>.<o :p><\/o><\/span><\/p>\n<p align=\"justify\">&nbsp;<\/p>\n<p class=\"MsoNormal\" style=\"margin: 0cm 0cm 0pt\" align=\"justify\"><span style=\"font-size: 10pt; font-family: Verdana\" lang=\"PT\"><o :p> <\/o><\/span><\/p>\n<p align=\"justify\">&nbsp;<\/p>\n<p class=\"MsoNormal\" style=\"margin: 0cm 0cm 0pt\" align=\"justify\"><span style=\"font-size: 10pt; font-family: Verdana\" lang=\"PT\">O projeto determina que, na reda\u00e7\u00e3o de textos legais, &#8220;qualquer refer\u00eancia ser\u00e1 entendida como abrangendo ambos os g\u00eaneros, indistintamente, salvo quando houver disposi\u00e7\u00e3o expressa em contr\u00e1rio&#8221;.<o :p><\/o><\/span><\/p>\n<p align=\"justify\">&nbsp;<\/p>\n<p class=\"MsoNormal\" style=\"margin: 0cm 0cm 0pt\" align=\"justify\"><span style=\"font-size: 10pt; font-family: Verdana\" lang=\"PT\"><o :p> <\/o><\/span><\/p>\n<p align=\"justify\">&nbsp;<\/p>\n<p class=\"MsoNormal\" style=\"margin: 0cm 0cm 0pt\" align=\"justify\"><strong><span style=\"font-size: 10pt; font-family: Verdana\" lang=\"PT\">Trabalhadoras<o :p><\/o><\/span><\/strong><\/p>\n<p align=\"justify\">&nbsp;<\/p>\n<p class=\"MsoNormal\" style=\"margin: 0cm 0cm 0pt\" align=\"justify\"><span style=\"font-size: 10pt; font-family: Verdana\" lang=\"PT\">Segundo a autora da proposta, o projeto tem o objetivo de evitar o desrespeito a certos direitos das trabalhadoras, sob o argumento de que tais direitos apenas beneficiam trabalhadores homens, n\u00e3o obstante a veda\u00e7\u00e3o constitucional a tal discrimina\u00e7\u00e3o.<o :p><\/o><\/span><\/p>\n<p align=\"justify\">&nbsp;<\/p>\n<p class=\"MsoNormal\" style=\"margin: 0cm 0cm 0pt\" align=\"justify\"><span style=\"font-size: 10pt; font-family: Verdana\" lang=\"PT\"><o :p> <\/o><\/span><\/p>\n<p align=\"justify\">&nbsp;<\/p>\n<p class=\"MsoNormal\" style=\"margin: 0cm 0cm 0pt\" align=\"justify\"><span style=\"font-size: 10pt; font-family: Verdana\" lang=\"PT\">Com o objetivo de corrigir a distor\u00e7\u00e3o, a mat\u00e9ria altera a Lei Complementar 95, de 1998, que disp\u00f5e sobre a elabora\u00e7\u00e3o, a reda\u00e7\u00e3o, a altera\u00e7\u00e3o e a consolida\u00e7\u00e3o das leis, com o objetivo de garantir a aplica\u00e7\u00e3o das normas legais contra a discrimina\u00e7\u00e3o de g\u00eanero.<o :p><\/o><\/span><\/p>\n<p align=\"justify\">&nbsp;<\/p>\n<p class=\"MsoNormal\" style=\"margin: 0cm 0cm 0pt\" align=\"justify\"><span style=\"font-size: 10pt; font-family: Verdana\" lang=\"PT\"><o :p> <\/o><\/span><\/p>\n<p align=\"justify\">&nbsp;<\/p>\n<p class=\"MsoNormal\" style=\"margin: 0cm 0cm 0pt\" align=\"justify\"><strong><span style=\"font-size: 10pt; font-family: Verdana\" lang=\"PT\">M\u00e1 interpreta\u00e7\u00e3o<\/span><\/strong><\/p>\n<p align=\"justify\">&nbsp;<\/p>\n<p class=\"MsoNormal\" style=\"margin: 0cm 0cm 0pt\" align=\"justify\"><span style=\"font-size: 10pt; font-family: Verdana\" lang=\"PT\">Em seu relat\u00f3rio favor\u00e1vel ao projeto, a senadora Serys Slhessarenko (PT\/MT) lembrou que \u00e9 comum que as trabalhadoras mulheres sejam prejudicadas pela m\u00e1 interpreta\u00e7\u00e3o da lei, que somente refere-se a homens, embora queira abranger ambos os sexos.<o :p><\/o><\/span><\/p>\n<p align=\"justify\">&nbsp;<\/p>\n<p class=\"MsoNormal\" style=\"margin: 0cm 0cm 0pt\" align=\"justify\"><span style=\"font-size: 10pt; font-family: Verdana\" lang=\"PT\"><o :p> <\/o><\/span><\/p>\n<p align=\"justify\">&nbsp;<\/p>\n<p class=\"MsoNormal\" style=\"margin: 0cm 0cm 0pt\" align=\"justify\"><span style=\"font-size: 10pt; font-family: Verdana\" lang=\"PT\">&#8220;Essa \u00e9 mais uma conquista importante para as mulheres. Mais um motivo para se comemorar o Dia Internacional da Mulher&#8221; afirmou a relatora. A mat\u00e9ria passar\u00e1 ainda no plen\u00e1rio da Casa.<\/span><\/p>\n<p align=\"right\"> \t\t\t<em>Fonte: Diap com Ag\u00eancia Senado<\/em><\/p>\n","protected":false},"excerpt":{"rendered":"<p>Eu fico pensando que eu realmente devo ter sido abduzida e n\u00e3o lembro, porque se isso \u00e9 not\u00ed\u00adcia e precisa ser decidido, \u00e9 porque eu t\u00f4 no planeta errado mesmo. Interpreta\u00e7\u00e3o da lei n\u00e3o ter\u00e1 distin\u00e7\u00e3o de G\u00eanero &nbsp; As mulheres brasileiras n\u00e3o poder\u00e3o mais ser privadas de direitos legais por causa de m\u00e1 interpreta\u00e7\u00e3o &hellip; <a href=\"https:\/\/nalua.in\/blog\/interpretacao-da-lei-nao-tera-distincao-de-genero\/\" class=\"more-link\">Continuar lendo <span class=\"screen-reader-text\">Interpreta\u00e7\u00e3o da lei n\u00e3o ter\u00e1 distin\u00e7\u00e3o de G\u00eanero<\/span><\/a><\/p>\n","protected":false},"author":1,"featured_media":0,"comment_status":"open","ping_status":"open","sticky":false,"template":"","format":"standard","meta":{"footnotes":""},"categories":[25,69],"tags":[],"class_list":["post-294","post","type-post","status-publish","format-standard","hentry","category-feminino","category-preconceito"],"_links":{"self":[{"href":"https:\/\/nalua.in\/blog\/wp-json\/wp\/v2\/posts\/294","targetHints":{"allow":["GET"]}}],"collection":[{"href":"https:\/\/nalua.in\/blog\/wp-json\/wp\/v2\/posts"}],"about":[{"href":"https:\/\/nalua.in\/blog\/wp-json\/wp\/v2\/types\/post"}],"author":[{"embeddable":true,"href":"https:\/\/nalua.in\/blog\/wp-json\/wp\/v2\/users\/1"}],"replies":[{"embeddable":true,"href":"https:\/\/nalua.in\/blog\/wp-json\/wp\/v2\/comments?post=294"}],"version-history":[{"count":0,"href":"https:\/\/nalua.in\/blog\/wp-json\/wp\/v2\/posts\/294\/revisions"}],"wp:attachment":[{"href":"https:\/\/nalua.in\/blog\/wp-json\/wp\/v2\/media?parent=294"}],"wp:term":[{"taxonomy":"category","embeddable":true,"href":"https:\/\/nalua.in\/blog\/wp-json\/wp\/v2\/categories?post=294"},{"taxonomy":"post_tag","embeddable":true,"href":"https:\/\/nalua.in\/blog\/wp-json\/wp\/v2\/tags?post=294"}],"curies":[{"name":"wp","href":"https:\/\/api.w.org\/{rel}","templated":true}]}}