{"id":290,"date":"2008-02-19T10:15:16","date_gmt":"2008-02-19T13:15:16","guid":{"rendered":"http:\/\/nalu.in\/290"},"modified":"2008-02-19T10:15:16","modified_gmt":"2008-02-19T13:15:16","slug":"fidel","status":"publish","type":"post","link":"https:\/\/nalua.in\/blog\/fidel\/","title":{"rendered":"fidel"},"content":{"rendered":"<p align=\"justify\"> <a href=\"http:\/\/picasaweb.google.com.br\/nalualine\/Figuras\/photo#5168676257107767090\"><img loading=\"lazy\" decoding=\"async\" src=\"http:\/\/lh5.google.com.br\/nalualine\/R7rTq8fnbzI\/AAAAAAAAAtE\/WZ6UEYa8hw4\/s400\/fidel.jpg\" style=\"margin: 0px 10px 0px 0px\" align=\"left\" height=\"275\" width=\"192\" \/><\/a>Eu nem acredito que agora j\u00e1 n\u00e3o d\u00e1 mais pra realizar um sonho de adolescente: Ir \u00ed\u00a0 Cuba <a href=\"http:\/\/noticias.uol.com.br\/ultnot\/2008\/02\/19\/ult23u1196.jhtm\" target=\"_blank\" rel=\"noopener\">com Fidel ainda no poder<\/a>. Eu tive algumas oportunidades. E n\u00e3o aproveitei. E agora \u00e9 tarde demais. Espero que isso sirva de aviso pra mim mesma a respeito de adiar os sonhos.<\/p>\n<p align=\"justify\">&nbsp;<\/p>\n<p align=\"justify\">Eu n\u00e3o vou falar nada sobre ele. Nem sobre Cuba ou sobre a Revolu\u00e7\u00e3o. Que al\u00e9m de n\u00e3o poder falar nada de modo n\u00e3o sentimental, realmente n\u00e3o h\u00e1 nada que eu possa falar. N\u00e3o acrescentaria nada.<\/p>\n","protected":false},"excerpt":{"rendered":"<p>Eu nem acredito que agora j\u00e1 n\u00e3o d\u00e1 mais pra realizar um sonho de adolescente: Ir \u00ed\u00a0 Cuba com Fidel ainda no poder. Eu tive algumas oportunidades. E n\u00e3o aproveitei. E agora \u00e9 tarde demais. Espero que isso sirva de aviso pra mim mesma a respeito de adiar os sonhos. &nbsp; Eu n\u00e3o vou falar &hellip; <a href=\"https:\/\/nalua.in\/blog\/fidel\/\" class=\"more-link\">Continuar lendo <span class=\"screen-reader-text\">fidel<\/span><\/a><\/p>\n","protected":false},"author":1,"featured_media":0,"comment_status":"open","ping_status":"open","sticky":false,"template":"","format":"standard","meta":{"footnotes":""},"categories":[86],"tags":[],"class_list":["post-290","post","type-post","status-publish","format-standard","hentry","category-me-myself-an-i"],"_links":{"self":[{"href":"https:\/\/nalua.in\/blog\/wp-json\/wp\/v2\/posts\/290","targetHints":{"allow":["GET"]}}],"collection":[{"href":"https:\/\/nalua.in\/blog\/wp-json\/wp\/v2\/posts"}],"about":[{"href":"https:\/\/nalua.in\/blog\/wp-json\/wp\/v2\/types\/post"}],"author":[{"embeddable":true,"href":"https:\/\/nalua.in\/blog\/wp-json\/wp\/v2\/users\/1"}],"replies":[{"embeddable":true,"href":"https:\/\/nalua.in\/blog\/wp-json\/wp\/v2\/comments?post=290"}],"version-history":[{"count":0,"href":"https:\/\/nalua.in\/blog\/wp-json\/wp\/v2\/posts\/290\/revisions"}],"wp:attachment":[{"href":"https:\/\/nalua.in\/blog\/wp-json\/wp\/v2\/media?parent=290"}],"wp:term":[{"taxonomy":"category","embeddable":true,"href":"https:\/\/nalua.in\/blog\/wp-json\/wp\/v2\/categories?post=290"},{"taxonomy":"post_tag","embeddable":true,"href":"https:\/\/nalua.in\/blog\/wp-json\/wp\/v2\/tags?post=290"}],"curies":[{"name":"wp","href":"https:\/\/api.w.org\/{rel}","templated":true}]}}