{"id":289,"date":"2008-02-17T22:14:54","date_gmt":"2008-02-18T01:14:54","guid":{"rendered":"http:\/\/nalu.in\/289"},"modified":"2008-02-17T22:14:54","modified_gmt":"2008-02-18T01:14:54","slug":"queijo","status":"publish","type":"post","link":"https:\/\/nalua.in\/blog\/queijo\/","title":{"rendered":"queijo"},"content":{"rendered":"<p align=\"justify\"><img decoding=\"async\" src=\"http:\/\/lh6.google.com.br\/nalualine\/R7jS_sfnbxI\/AAAAAAAAAsc\/isTuwRAZzsY\/s288\/queijoparmesao.gif\" align=\"left\" \/> Eu n\u00e3o sei porque cargas d&#8217;\u00e1gua eu desenvolvi uma alergia das bravas a queijo parmes\u00e3o. Na viagem eu passei mal por causa de uma pitada \u00ed\u00adnfima, menor que a de sal que coloquei num prato s\u00f3 pra sentir o cheiro mesmo.  Porque eu amava queijo parmes\u00e3o. Amava mesmo. Mas a pitadinha de nada quase me estragou um dia inteiro de curti\u00e7\u00e3o.<\/p>\n<p align=\"justify\">\u00c2\u00a0Semana passada no almo\u00e7o semanal na casa da minha m\u00e3e ela fez macarr\u00e3o e colocou queijo. E o macarr\u00e3o da minha m\u00e3e \u00e9 misturado, ela n\u00e3o joga s\u00f3 por cima, mistura mesmo o macarr\u00e3o, molho e etcs&#8230; Eu como tenho uma dificuldade grande pra aprender, fiz o prato e coloquei a primeira garfada na boca. Tiro e queda, passei mal pra caramba.<\/p>\n<p align=\"justify\">\u00c2\u00a0Bom, hoje l\u00e1 fomos n\u00f3s de novo pra almo\u00e7ar na mama. E ela de novo fez macarr\u00e3o. Dessa vez sem um pingo de parmes\u00e3o. Mas s\u00f3 de olhar o macarr\u00e3o eu comecei a passar mal. E n\u00e3o almocei direito.<\/p>\n<p align=\"justify\">\u00c2\u00a0Dai que lascou com a tarde. Eu ainda n\u00e3o extrapolei, mas ficou muito claro a falta que fez um caf\u00e9 da manh\u00e3 e um almo\u00e7o decentes. Porque a falta de comida repercutiu \u00ed\u00a0 tarde e agora eu estou morrendo de fome, mas fome de carboidrato, de coisas que engordam. Ou seja, \u00f3bvio que \u00e9 mais que fome n\u00e9? Pra voc\u00eas verem como \u00e9 delicado o equil\u00ed\u00adbrio de um viciado, ainda mais em comida. Porque largar o cigarro foi muito mais f\u00e1cil do que largar o v\u00ed\u00adcio de comida, eu n\u00e3o estava exposta a dose nenhuma. E eu era fumante inveterada, ningu\u00e9m acreditava que eu pudesse largar.<\/p>\n<p align=\"justify\">\u00c2\u00a0Eu quero duas coisas com esse post: agora que estou anotando tudo e conseq\u00ed\u00bcentemente sendo obrigada a prestar aten\u00e7\u00e3o no que como, de verdade (que \u00e9 a primeira vez em muito, muito tempo, que fa\u00e7o isso por dias seguidos, a s\u00e9rio e sem pirra\u00e7a) eu resolvi que vou sempre escrever quando acontecer, pra ficar registrado pra mim mesma os gatilhos que disparam as &#8220;erradas&#8221;.  Devagar eu aprendo. N\u00e3o que eu j\u00e1 n\u00e3o soubesse dessas coisas em mim, mas agora resolvi prestar aten\u00e7\u00e3o.<\/p>\n<p align=\"justify\">\u00c2\u00a0A segunda \u00e9 falar que eu fui em uma reuni\u00e3o dos Comedores Compulsivos An\u00f4nimos ano passado, mas achei muito pesada a \u00eanfase que se deu \u00ed\u00a0 palavra doen\u00e7a naquela reuni\u00e3o. Doen\u00e7a, doentes, somos todos muito doentes, n\u00e3o temos cura, muito complicado. Uma quest\u00e3o de sem\u00e2ntica, talvez, mas pra mim viciado \u00e9 menos pior do que doente. Eu aceito ser viciada, doente n\u00e3o. Fica claro que ainda n\u00e3o cheguei no Primeiro Passo n\u00e9? Hahahahaha.<\/p>\n<p align=\"justify\">\u00c2\u00a0Talvez seja uma bobagem e seja isso mesmo que <strike>os gordos<\/strike> eu <strike>sejam<\/strike> seja: viciada(os), doente(s). Mas o fato \u00e9 que eu tenho muitas e <strong>enormes, gigantescas<\/strong> reservas quanto ao significado disso atualmente. Vai ver por isso eu esteja t\u00e3o gorda. Nega\u00e7\u00e3o?<\/p>\n<p align=\"justify\">\u00c2\u00a0Gorda, v\u00e1 l\u00e1, viciada tamb\u00e9m, mas <em>doente<\/em>, hummmm, sei n\u00e3o&#8230; Cada \u00e9poca tem seus bodes expiat\u00f3rios, cada \u00e9poca tem suas doen\u00e7as, e uma das de hoje \u00e9 <strong>ser gordo<\/strong>. E as doen\u00e7as s\u00e3o bem mais do que doen\u00e7as, elas t\u00eam sentido social <em>visse<\/em>? Sempre, sempre.<\/p>\n<p align=\"justify\">\u00c2\u00a0Mas eu sou Antrop\u00f3loga n\u00e9? Ainda mais do que em comida, sou viciada em olhar por detr\u00e1s das tramas, dos valores, do senso comum, fazer o qu\u00ea?  N\u00e3o digo que estou certa, nem sempre <strike>vejo<\/strike> consigo ver o que \u00e9 certo, mas s\u00e3o as conclus\u00f5es que tiro. De anos de traseiro na cadeira, de cara nos livros e olho no mundo. B\u00e3o, s\u00f3 estou divagando (e me exibindo tb) um pouco.<\/p>\n<p align=\"justify\">\u00c2\u00a0E n\u00e3o estou negando ser viciada. Sou menos ing\u00eanua do que aparento (?). E as palavras <strong><u>nunca<\/u><\/strong> s\u00e3o bobagens. E eu n\u00e3o estou falando de nenhuma lei da atra\u00e7\u00e3o. N\u00e3o estou falando nada do tipo pensar e atrair.<\/p>\n","protected":false},"excerpt":{"rendered":"<p>Eu n\u00e3o sei porque cargas d&#8217;\u00e1gua eu desenvolvi uma alergia das bravas a queijo parmes\u00e3o. Na viagem eu passei mal por causa de uma pitada \u00ed\u00adnfima, menor que a de sal que coloquei num prato s\u00f3 pra sentir o cheiro mesmo. Porque eu amava queijo parmes\u00e3o. Amava mesmo. Mas a pitadinha de nada quase me &hellip; <a href=\"https:\/\/nalua.in\/blog\/queijo\/\" class=\"more-link\">Continuar lendo <span class=\"screen-reader-text\">queijo<\/span><\/a><\/p>\n","protected":false},"author":1,"featured_media":0,"comment_status":"open","ping_status":"open","sticky":false,"template":"","format":"standard","meta":{"footnotes":""},"categories":[40],"tags":[],"class_list":["post-289","post","type-post","status-publish","format-standard","hentry","category-leveza"],"_links":{"self":[{"href":"https:\/\/nalua.in\/blog\/wp-json\/wp\/v2\/posts\/289","targetHints":{"allow":["GET"]}}],"collection":[{"href":"https:\/\/nalua.in\/blog\/wp-json\/wp\/v2\/posts"}],"about":[{"href":"https:\/\/nalua.in\/blog\/wp-json\/wp\/v2\/types\/post"}],"author":[{"embeddable":true,"href":"https:\/\/nalua.in\/blog\/wp-json\/wp\/v2\/users\/1"}],"replies":[{"embeddable":true,"href":"https:\/\/nalua.in\/blog\/wp-json\/wp\/v2\/comments?post=289"}],"version-history":[{"count":0,"href":"https:\/\/nalua.in\/blog\/wp-json\/wp\/v2\/posts\/289\/revisions"}],"wp:attachment":[{"href":"https:\/\/nalua.in\/blog\/wp-json\/wp\/v2\/media?parent=289"}],"wp:term":[{"taxonomy":"category","embeddable":true,"href":"https:\/\/nalua.in\/blog\/wp-json\/wp\/v2\/categories?post=289"},{"taxonomy":"post_tag","embeddable":true,"href":"https:\/\/nalua.in\/blog\/wp-json\/wp\/v2\/tags?post=289"}],"curies":[{"name":"wp","href":"https:\/\/api.w.org\/{rel}","templated":true}]}}