{"id":272,"date":"2007-10-23T09:11:24","date_gmt":"2007-10-23T12:11:24","guid":{"rendered":"http:\/\/nalu.in\/272"},"modified":"2007-10-23T09:11:24","modified_gmt":"2007-10-23T12:11:24","slug":"leveza-de-novo","status":"publish","type":"post","link":"https:\/\/nalua.in\/blog\/leveza-de-novo\/","title":{"rendered":"leveza de novo"},"content":{"rendered":"<p style=\"text-align: center\"><a target=\"_blank\" href=\"http:\/\/levezadoser.blog.br\/\" rel=\"noopener\"><img loading=\"lazy\" decoding=\"async\" width=\"350\" height=\"217\" style=\"border: 0px solid #000000; display: inline; width: 350px; height: 217px\" title=\"Leveza do Ser\" alt=\"Leveza do Ser\" src=\"http:\/\/nalu.blog.br\/imagens\/levelogo.jpg\" \/><\/a><\/p>\n<p style=\"text-align: justify\">Pois \u00e9, preciso emagrecer. E muito. Essa hist\u00f3ria j\u00e1 \u00e9 velha n\u00e9? Mas n\u00e3o perde a validade. Ali\u00e1s, t\u00e1 cada vez mais na pauta do dia. Tivesse eu me levado a s\u00e9rio e n\u00e3o deixado as cousas tristes e pesadas e de olhos t\u00e3o gordos me afetarem estava mais magra h\u00e1 muito tempo. Porque o <a target=\"_blank\" href=\"http:\/\/levezadeser.blogspot.com\/\" rel=\"noopener\">primeiro blog<\/a> de dieta \u00e9 velho, velho. E morreu sem que eu estivesse mais magra. No tempo dele eu emagreci sim, com a maravilhosa ajuda do q*i mental, mas deixei outras quest\u00f5es me afetarem. Espero que eu esteja pronta pra superar. Teve <a target=\"_blank\" href=\"http:\/\/leveza.motime.com\/\" rel=\"noopener\">um outro<\/a>, muito assombrado pelos dem\u00f4nios de olhos maldosos e principalmente por minha pr\u00f3pria incapacidade e fez efeito contr\u00e1rio. Mas foi bom porque foi no tempo certo de parar de fumar. Acabou ajudando nisso. No final encerrou com saldo positivo. L\u00e1 se v\u00e3o quase dois anos desde o \u00faltimo trago.<\/p>\n<p style=\"text-align: justify\">Mas sempre \u00e9 tempo. Ent\u00e3o tem <a target=\"_blank\" href=\"http:\/\/levezadoser.blog.br\/\" rel=\"noopener\">endere\u00e7o novo<\/a> de emagrecimento, tem contagem de pontos, tem jornal de anota\u00e7\u00e3o de comida, tem retomada do q*i, tem tudo isso a\u00ed\u00ad.<\/p>\n<p style=\"text-align: center\"><em>Desejem-me sorte!<\/em><\/p>\n","protected":false},"excerpt":{"rendered":"<p>Pois \u00e9, preciso emagrecer. E muito. Essa hist\u00f3ria j\u00e1 \u00e9 velha n\u00e9? Mas n\u00e3o perde a validade. Ali\u00e1s, t\u00e1 cada vez mais na pauta do dia. Tivesse eu me levado a s\u00e9rio e n\u00e3o deixado as cousas tristes e pesadas e de olhos t\u00e3o gordos me afetarem estava mais magra h\u00e1 muito tempo. Porque o &hellip; <a href=\"https:\/\/nalua.in\/blog\/leveza-de-novo\/\" class=\"more-link\">Continuar lendo <span class=\"screen-reader-text\">leveza de novo<\/span><\/a><\/p>\n","protected":false},"author":1,"featured_media":0,"comment_status":"open","ping_status":"open","sticky":false,"template":"","format":"standard","meta":{"footnotes":""},"categories":[86],"tags":[],"class_list":["post-272","post","type-post","status-publish","format-standard","hentry","category-me-myself-an-i"],"_links":{"self":[{"href":"https:\/\/nalua.in\/blog\/wp-json\/wp\/v2\/posts\/272","targetHints":{"allow":["GET"]}}],"collection":[{"href":"https:\/\/nalua.in\/blog\/wp-json\/wp\/v2\/posts"}],"about":[{"href":"https:\/\/nalua.in\/blog\/wp-json\/wp\/v2\/types\/post"}],"author":[{"embeddable":true,"href":"https:\/\/nalua.in\/blog\/wp-json\/wp\/v2\/users\/1"}],"replies":[{"embeddable":true,"href":"https:\/\/nalua.in\/blog\/wp-json\/wp\/v2\/comments?post=272"}],"version-history":[{"count":0,"href":"https:\/\/nalua.in\/blog\/wp-json\/wp\/v2\/posts\/272\/revisions"}],"wp:attachment":[{"href":"https:\/\/nalua.in\/blog\/wp-json\/wp\/v2\/media?parent=272"}],"wp:term":[{"taxonomy":"category","embeddable":true,"href":"https:\/\/nalua.in\/blog\/wp-json\/wp\/v2\/categories?post=272"},{"taxonomy":"post_tag","embeddable":true,"href":"https:\/\/nalua.in\/blog\/wp-json\/wp\/v2\/tags?post=272"}],"curies":[{"name":"wp","href":"https:\/\/api.w.org\/{rel}","templated":true}]}}