{"id":260,"date":"2007-09-17T09:32:39","date_gmt":"2007-09-17T12:32:39","guid":{"rendered":"http:\/\/nalu.in\/260"},"modified":"2007-09-17T09:32:39","modified_gmt":"2007-09-17T12:32:39","slug":"oracao-de-quebra-de-maldicao","status":"publish","type":"post","link":"https:\/\/nalua.in\/blog\/oracao-de-quebra-de-maldicao\/","title":{"rendered":"ora\u00e7\u00e3o de quebra de maldi\u00e7\u00e3o"},"content":{"rendered":"<p><a href=\"http:\/\/nalu.in\/wp-content\/uploads\/2007\/09\/guidorenisaomiguel.jpg\"><img loading=\"lazy\" decoding=\"async\" class=\"wp-image-2401 alignleft\" src=\"http:\/\/nalu.in\/wp-content\/uploads\/2007\/09\/guidorenisaomiguel-684x1024.jpg\" alt=\"guidorenisaomiguel\" width=\"249\" height=\"372\" srcset=\"https:\/\/nalua.in\/blog\/wp-content\/uploads\/2007\/09\/guidorenisaomiguel-684x1024.jpg 684w, https:\/\/nalua.in\/blog\/wp-content\/uploads\/2007\/09\/guidorenisaomiguel-201x300.jpg 201w, https:\/\/nalua.in\/blog\/wp-content\/uploads\/2007\/09\/guidorenisaomiguel-768x1149.jpg 768w, https:\/\/nalua.in\/blog\/wp-content\/uploads\/2007\/09\/guidorenisaomiguel-1027x1536.jpg 1027w, https:\/\/nalua.in\/blog\/wp-content\/uploads\/2007\/09\/guidorenisaomiguel-1369x2048.jpg 1369w, https:\/\/nalua.in\/blog\/wp-content\/uploads\/2007\/09\/guidorenisaomiguel.jpg 1576w\" sizes=\"auto, (max-width: 249px) 100vw, 249px\" \/><\/a><\/p>\n<div style=\"text-align: justify;\"><em><span style=\"font-size: 10pt; font-family: Arial; color: black;\">Em nome do Pai, do Filho e do Esp\u00ed\u00adrito Santo.<\/span><br \/>\n<\/em><\/div>\n<div style=\"text-align: justify;\">\n<em><span style=\"color: black;\">Em nome da M\u00e3e Terra e todas as Entidades de Luz que regem neste mundo.<\/span> <span style=\"color: black;\">Levantamos nosso escudo de F\u00e9 contra todo Mal e resistimos com a Divina Luz do Esp\u00ed\u00adrito Santo, a Espada de S\u00e3o Miguel Arcanjo e dos Guerreiros da Luz e a Palavra de Deus;<\/span><\/em><span style=\"color: black;\"><em>Anunciamos que est\u00e3o destru\u00ed\u00addas as obras do Mal em nossas vidas e na vida de nossos familiares, pelo Poder do Sangue de Jesus Cristo (fazer o sinal da Cruz)<\/em><\/span><em> <span style=\"color: black;\">a Obra dos Guerreiros da Luz e a Gra\u00e7a Divina;<\/span><\/em><br \/>\n<span style=\"color: black;\"><em>Rejeitamos e quebramos todas as pragas malignas, maldi\u00e7\u00f5es, encantamentos, rituais perversos, poderes ps\u00ed\u00adquicos mal intencionados, obras de feiti\u00e7arias enviadas para derrotar ou destruir nossas vidas, fam\u00ed\u00adlias e minist\u00e9rios.<\/em><\/span><br \/>\n<span style=\"color: black;\"><em>Rejeitamos e quebramos todas as pragas malignas, maldi\u00e7\u00f5es, encantamentos, obras de feiti\u00e7aria e pactos com o Mal efetuadas por nossos ancestrais; em nome de Jesus, Arcanjo Miguel e os Guerreiros da Luz, sempre Presentes, Misericordiosos e Fi\u00e9is;<\/em><\/span><br \/>\n<span style=\"color: black;\"><em>Resistimos a todos os poderes do Mal enviados contra n\u00f3s por quem quer que seja<\/em><\/span><em> <span style=\"color: black;\">e ordenamos que sejam queimados e transmutados em Amor, Aprendizados e Fortalecimento das Virtudes em nossas almas;<\/span><\/em><br \/>\n<span style=\"color: black;\"><em>No nome de Jesus Glorioso, da Virgem Maria, da M\u00e3e Terra e de todas as For\u00e7as e Poderes Divinos, pedimos perd\u00e3o e liberta\u00e7\u00e3o por qualquer tipo de maldi\u00e7\u00e3o ou condena\u00e7\u00e3o recebida<\/em><\/span><em> <span style=\"color: black;\">e que aqueles que nos amaldi\u00e7oaram recebam a Cura de suas feridas e Orienta\u00e7\u00e3o<\/span> <span style=\"color: black;\">para evolu\u00ed\u00adrem na Luz, o Amor e a Consci\u00eancia.<\/span><\/em><br \/>\n<span style=\"color: black;\"><em>Assim seja, em nome do Senhor nosso Deus, Jesus Cristo, da Virgem Maria, Am\u00e9m.<\/em><\/span><em> <span style=\"color: black;\">(repetir tr\u00eas vezes)<\/span><\/em>\n<\/div>\n<p style=\"text-align: center;\">&#8212;&#8212;&#8212;-oOo&#8212;&#8212;&#8212;-<\/p>\n<p>Porque eu n\u00e3o sei lidar com agress\u00f5es gratuitas. Pra ver se a oferenda volta pro mar&#8230;<\/p>\n","protected":false},"excerpt":{"rendered":"<p>Em nome do Pai, do Filho e do Esp\u00ed\u00adrito Santo. Em nome da M\u00e3e Terra e todas as Entidades de Luz que regem neste mundo. Levantamos nosso escudo de F\u00e9 contra todo Mal e resistimos com a Divina Luz do Esp\u00ed\u00adrito Santo, a Espada de S\u00e3o Miguel Arcanjo e dos Guerreiros da Luz e a &hellip; <a href=\"https:\/\/nalua.in\/blog\/oracao-de-quebra-de-maldicao\/\" class=\"more-link\">Continuar lendo <span class=\"screen-reader-text\">ora\u00e7\u00e3o de quebra de maldi\u00e7\u00e3o<\/span><\/a><\/p>\n","protected":false},"author":1,"featured_media":0,"comment_status":"open","ping_status":"open","sticky":false,"template":"","format":"standard","meta":{"footnotes":""},"categories":[22,30,57],"tags":[],"class_list":["post-260","post","type-post","status-publish","format-standard","hentry","category-esoterismo","category-folclore","category-orando"],"_links":{"self":[{"href":"https:\/\/nalua.in\/blog\/wp-json\/wp\/v2\/posts\/260","targetHints":{"allow":["GET"]}}],"collection":[{"href":"https:\/\/nalua.in\/blog\/wp-json\/wp\/v2\/posts"}],"about":[{"href":"https:\/\/nalua.in\/blog\/wp-json\/wp\/v2\/types\/post"}],"author":[{"embeddable":true,"href":"https:\/\/nalua.in\/blog\/wp-json\/wp\/v2\/users\/1"}],"replies":[{"embeddable":true,"href":"https:\/\/nalua.in\/blog\/wp-json\/wp\/v2\/comments?post=260"}],"version-history":[{"count":0,"href":"https:\/\/nalua.in\/blog\/wp-json\/wp\/v2\/posts\/260\/revisions"}],"wp:attachment":[{"href":"https:\/\/nalua.in\/blog\/wp-json\/wp\/v2\/media?parent=260"}],"wp:term":[{"taxonomy":"category","embeddable":true,"href":"https:\/\/nalua.in\/blog\/wp-json\/wp\/v2\/categories?post=260"},{"taxonomy":"post_tag","embeddable":true,"href":"https:\/\/nalua.in\/blog\/wp-json\/wp\/v2\/tags?post=260"}],"curies":[{"name":"wp","href":"https:\/\/api.w.org\/{rel}","templated":true}]}}