{"id":258,"date":"2007-09-07T05:22:50","date_gmt":"2007-09-07T08:22:50","guid":{"rendered":"http:\/\/nalu.in\/258"},"modified":"2007-09-07T05:22:50","modified_gmt":"2007-09-07T08:22:50","slug":"dada","status":"publish","type":"post","link":"https:\/\/nalua.in\/blog\/dada\/","title":{"rendered":"dad\u00e1"},"content":{"rendered":"<p><a href=\"http:\/\/nalu.in\/wp-content\/uploads\/2007\/09\/sleep.jpg\"><img loading=\"lazy\" decoding=\"async\" class=\"size-full wp-image-2398 alignleft\" src=\"http:\/\/nalu.in\/wp-content\/uploads\/2007\/09\/sleep.jpg\" alt=\"sleep\" width=\"300\" height=\"215\" \/><\/a><\/p>\n<p style=\"text-align: justify;\">S\u00e3o 04:51 da manh\u00e3 e eu ainda n\u00e3o dormi. In S\u00f4nia da mol\u00e9stia que eu tenho e que come\u00e7ou h\u00e1 muitos anos atr\u00e1s. Mas hoje tudo bem, eu estou muito feliz, acabei de conseguir uma coisa que queria muito muito muito. E n\u00e3o consigo dormir de alegria.<\/p>\n<p style=\"text-align: justify;\">S\u00f3 que fiquei lembrando das ins\u00f4nias mais punks que tive nos \u00faltimos tempos e lembrei dos dias de rec\u00e9m nascido do Tat\u00e1 onde tudo, como diz a <a href=\"http:\/\/giegu.wordpress.com\/\">Fl\u00e1via<\/a> parece um sonho ou um filme&#8230;Primeiro filho rec\u00e9m nascido \u00e9 assim, a gente est\u00e1 num clima on\u00ed\u00adrico, n\u00e3o \u00e9 real, nada \u00e9 real&#8230;Tudo \u00e9 dada\u00ed\u00adsta.<\/p>\n<p style=\"text-align: justify;\">Mas voltando, eu queria dizer que fiquei lembrando daquelas noites onde eu j\u00e1 acabada e cansada e morta depois de ter parido um menin\u00e3o daqueles, depois de 48 horas de trabalho de parto, TP ativo, ainda tinha que levantar pra dar de mamar ou s\u00f3 acolher aquele pequeno ser rec\u00e9m chegado ao mundo que deveria estar se sentindo altamente desamparado. A\u00ed\u00ad eu nem deitava e ficava acordada esperando a pr\u00f3xima chamada, o pr\u00f3ximo resmungo&#8230;E me deu uma saudade!!!<\/p>\n<p style=\"text-align: justify;\">\u00c9 isso mesmo, saudade imensa daquele cansa\u00e7o, daquela loucura, daquele espanto, daquele pavor que foram os primeiros dias. Sensa\u00e7\u00e3o que eu tenho certeza que nunca mais vou viver, mesmo se eu tiver outro filho (e quero muito ter outro, muito mesmo). Porque nunca mais vai ser o primeiro*, nunca mais vai ser tudo t\u00e3o novo. N\u00e3o tem um pensamento embutido aqui do tipo segundo filho \u00e9 pior ou n\u00e3o \u00e9 t\u00e3o emocionante de jeito nenhum, at\u00e9 porque eu sei agora que toda loucura passa e se transforma em algo sereno e que pode-se curtir mais docemente um segundo filho.<\/p>\n<p style=\"text-align: justify;\">\u00c9 que filho \u00e9 muito mais que o trabalho louco que d\u00e1. O trabalho bra\u00e7al, as noites sem dormir, as crises conjugais, as fraldas,as dores, os palpiteiros o pediatra e tudo, tudo passa, passa mesmo, a vida se adapta belamente. Em quem tem o h\u00e1bito de deixar a vida entrar belamente, claro.<\/p>\n<p style=\"text-align: justify;\">Mas o feito de ter um filho n\u00e3o passa, tudo que um filho traz nesta vida n\u00e3o passa. Nunca mais passa. (N\u00e3o d\u00e1 pra evitar grandiloqu\u00eancia num post sobre filho numa madrugada insone. Filho \u00e9 algo grandiloquente.)<\/p>\n<p style=\"text-align: justify;\">Depois eu durmo, eu vou ter muito tempo pra isso ainda. Claro que n\u00e3o dormir tem um pre\u00e7o, e eu pago as vezes at\u00e9 de forma dolorosa, mas tamb\u00e9m vejo que n\u00e3o dormir \u00e9 uma parte somente. De tudo. No meu caso \u00e9, at\u00e9 porque minha ins\u00f4nia ultrapassa o Tat\u00e1 e \u00e9 anterior a ele. E mesmo agora que ele n\u00e3o d\u00e1 mais trabalho nenhum pra dormir eu n\u00e3o durmo. Ent\u00e3o&#8230;<\/p>\n<p style=\"text-align: justify;\">&#8212;&#8212;<\/p>\n<p style=\"text-align: justify;\"><span style=\"font-size: 12px;\">*Olha s\u00f3 que coisa mais doce a doidinha da minha m\u00e3e escreveu pra mim no dia do meu anivers\u00e1rio, falando em primeiros filhos. Eu sou a primeira filha:<\/span><\/p>\n<p style=\"text-align: justify;\"><em style=\"font-size: 12px;\">Minha filha muito amada, o dia de hoje \u00e9 muito especial pra vc. \u00c9 o dia de mais um ano que vc vai virar na p\u00e1gina do livro da sua vida.Estou pedindo a &#8220;DEUS&#8221; que te d\u00ea muita paz, muitas alegrias, muitas felicidades e principalmente muita sa\u00fade para vc usufruir de tudo isto. Hoje o dia \u00e9 seu, mas eu estou muito feliz, pois o seu primeiro sopro de vida,fui eu que lhe proporcionei. Eu lhe dei a vida por um milagre de nosso &#8220;PAI&#8221; l\u00e1 do C\u00e9u, poque ele sabia o quanto vc foi esperada. E vc n\u00e3o nos decepcionou, veio do jeitinho que eu sonhei, com todos os defeitos que a vida nos obriga a carregar, mas as suas qualidades eram t\u00e3o maiores, t\u00e3o gritante no seu jeitinho meigo de ser, que mais parecia um anjo quando na sua inocencia vc me fitava intensamente com seus olhinhos lindos que eu me sentia (e ainda me sinto) a filha predileta de &#8220;DEUS&#8221; porque s\u00f3 eu tinha &#8220;VC&#8221;. Obrigada por tudo mas principalmente por vc ser minha primeira filha. Te amo com o maior amor do mundo! Beijos no seu cora\u00e7\u00e3o.Te amoooooooooooooo<\/em><\/p>\n<p>&nbsp;<\/p>\n","protected":false},"excerpt":{"rendered":"<p>S\u00e3o 04:51 da manh\u00e3 e eu ainda n\u00e3o dormi. In S\u00f4nia da mol\u00e9stia que eu tenho e que come\u00e7ou h\u00e1 muitos anos atr\u00e1s. Mas hoje tudo bem, eu estou muito feliz, acabei de conseguir uma coisa que queria muito muito muito. E n\u00e3o consigo dormir de alegria. S\u00f3 que fiquei lembrando das ins\u00f4nias mais punks &hellip; <a href=\"https:\/\/nalua.in\/blog\/dada\/\" class=\"more-link\">Continuar lendo <span class=\"screen-reader-text\">dad\u00e1<\/span><\/a><\/p>\n","protected":false},"author":1,"featured_media":0,"comment_status":"open","ping_status":"open","sticky":false,"template":"","format":"standard","meta":{"footnotes":""},"categories":[20],"tags":[],"class_list":["post-258","post","type-post","status-publish","format-standard","hentry","category-divagando"],"_links":{"self":[{"href":"https:\/\/nalua.in\/blog\/wp-json\/wp\/v2\/posts\/258","targetHints":{"allow":["GET"]}}],"collection":[{"href":"https:\/\/nalua.in\/blog\/wp-json\/wp\/v2\/posts"}],"about":[{"href":"https:\/\/nalua.in\/blog\/wp-json\/wp\/v2\/types\/post"}],"author":[{"embeddable":true,"href":"https:\/\/nalua.in\/blog\/wp-json\/wp\/v2\/users\/1"}],"replies":[{"embeddable":true,"href":"https:\/\/nalua.in\/blog\/wp-json\/wp\/v2\/comments?post=258"}],"version-history":[{"count":0,"href":"https:\/\/nalua.in\/blog\/wp-json\/wp\/v2\/posts\/258\/revisions"}],"wp:attachment":[{"href":"https:\/\/nalua.in\/blog\/wp-json\/wp\/v2\/media?parent=258"}],"wp:term":[{"taxonomy":"category","embeddable":true,"href":"https:\/\/nalua.in\/blog\/wp-json\/wp\/v2\/categories?post=258"},{"taxonomy":"post_tag","embeddable":true,"href":"https:\/\/nalua.in\/blog\/wp-json\/wp\/v2\/tags?post=258"}],"curies":[{"name":"wp","href":"https:\/\/api.w.org\/{rel}","templated":true}]}}