{"id":256,"date":"2007-09-01T20:04:35","date_gmt":"2007-09-01T23:04:35","guid":{"rendered":"http:\/\/nalu.in\/256"},"modified":"2007-09-01T20:04:35","modified_gmt":"2007-09-01T23:04:35","slug":"mais-sete","status":"publish","type":"post","link":"https:\/\/nalua.in\/blog\/mais-sete\/","title":{"rendered":"mais sete"},"content":{"rendered":"<p style=\"text-align: justify;\">Desafiada pela <a href=\"http:\/\/beatrisa.blogspot.com\/\" target=\"_blank\" rel=\"noopener\">Isa<\/a> e pela <a href=\"http:\/\/marianafofinha.blogspot.com\/\" target=\"_blank\" rel=\"noopener\">R\u00ea<\/a>, num desafio que alegremente agitou o LV na sexta Feira, vou escrever sete coisas sobre mim:<\/p>\n<p><strong><a href=\"http:\/\/nalu.in\/wp-content\/uploads\/2007\/09\/q07.jpg\"><img loading=\"lazy\" decoding=\"async\" class=\"size-full wp-image-2389 alignleft\" src=\"http:\/\/nalu.in\/wp-content\/uploads\/2007\/09\/q07.jpg\" alt=\"q07\" width=\"162\" height=\"162\" srcset=\"https:\/\/nalua.in\/blog\/wp-content\/uploads\/2007\/09\/q07.jpg 162w, https:\/\/nalua.in\/blog\/wp-content\/uploads\/2007\/09\/q07-150x150.jpg 150w\" sizes=\"auto, (max-width: 162px) 100vw, 162px\" \/><\/a><br \/>\n<a href=\"http:\/\/nalu.in\/wp-content\/uploads\/2007\/09\/q02.jpg\"><br \/>\n<\/a>1.<\/strong> Meu nome \u00e9 Nalu mesmo, por mais que pare\u00e7a apelido. A hist\u00f3ria dele eu j\u00e1 contei <a href=\"http:\/\/nalu.in\/nalu\" target=\"_blank\" rel=\"noopener\">aqui<\/a>. Se eu fosse branquinha, um nome que meus pais cogitaram pra mim foi Ang\u00e9lica, mas quando minha m\u00e3e viu que minha pele era mais escura achou que Ang\u00e9lica n\u00e3o combinava. Outro nome que eu quase tive foi Lara. Acho esse nome lindo, lindo. Mas adoro Nalu, acho que tem tudo a ver comigo. N\u00e3o gosto muito do complemento, Aline, acho delicado demais pra mim, mas gosto do <a href=\"http:\/\/www.behindthename.com\/name\/adela\" target=\"_blank\" rel=\"noopener\">significado dele<\/a>. Inclusive tem uma hist\u00f3ria curiosa a respeito dele. Eu usava muito o nick Adele, e s\u00f3 ha pouco tempo vim a saber que Aline deriva de <a href=\"http:\/\/www.behindthename.com\/php\/search.php?terms=aline&amp;nmd=n&amp;gender=both&amp;operator=or\" target=\"_blank\" rel=\"noopener\">Adele<\/a>, que deriva de A<img loading=\"lazy\" decoding=\"async\" class=\"alignright  wp-image-2390\" src=\"http:\/\/nalu.in\/wp-content\/uploads\/2007\/09\/q01.jpg\" alt=\"q01\" width=\"156\" height=\"156\" srcset=\"https:\/\/nalua.in\/blog\/wp-content\/uploads\/2007\/09\/q01.jpg 404w, https:\/\/nalua.in\/blog\/wp-content\/uploads\/2007\/09\/q01-300x300.jpg 300w, https:\/\/nalua.in\/blog\/wp-content\/uploads\/2007\/09\/q01-150x150.jpg 150w\" sizes=\"auto, (max-width: 156px) 100vw, 156px\" \/>dela, etc..<\/p>\n<p style=\"text-align: justify;\"><strong>2.<\/strong> A coisa que eu mais gosto de fazer \u00e9 aprender. Gosto de saber um pouco de tudo, n\u00e3o teria vontade de me tornar especialista em nada.<br \/>\nAtualmente Astrologia, que eu estudo desde os 17 anos, voltou a ser o centro das aten\u00e7\u00f5es. Meus focos de interesso nos \u00faltimos anos t\u00eam oscilado entre estudos femininos, (mais especificamente sobre o corpo feminino e a saude reprodutiva da mulher), antropologia, filosofia e astrologia. Com uma breve (e oxal\u00e1 me escute, produtiva) pausa para o Direito. Eu sou advogada mas j\u00e1 n\u00e3o sei mais quase nada desse ramo, quase nada mesmo. Eu formei h\u00e1 muitos anos&#8230;<\/p>\n<p style=\"text-align: justify;\"><strong>3.<\/strong> Eu n\u00e3<img loading=\"lazy\" decoding=\"async\" class=\"wp-image-2391 alignleft\" src=\"http:\/\/nalu.in\/wp-content\/uploads\/2007\/09\/q02.jpg\" alt=\"q02\" width=\"174\" height=\"189\" \/>o tinha uma vontade verdadeira de me casar nem muito menos de ter filhos. A vontade de casar que ocasionalmente me surgia era devida \u00ed\u00a0 uma press\u00e3o social pra que as mulheres n\u00e3o fiquem solteiras. Mas um dia isso mudou. Conheci o <a href=\"http:\/\/escritatorta.em.blog.br\/\" target=\"_blank\" rel=\"noopener\">Akio<\/a> e me deu muita vontade de casar. <a href=\"http:\/\/origami.em.blog.br\/\" target=\"_blank\" rel=\"noopener\">Com ele<\/a>.<\/p>\n<p><strong>4.<\/strong> Eu adoro ser m\u00e3e. Uma depress\u00e3o (j\u00e1 passada) e uma ins\u00f4nia cr\u00f4nica (ainda presente) n\u00e3o me deixaram curtir tanto assim os primeiros tempos de maternidade, mas agora acho que \u00e9 a coisa mais legal que eu tenho, que eu sou e que eu fa\u00e7o, apesar dos pesares. E os pesares ac<br \/>\nho que tiro muito mais de letra do que algum dia imaginei que fosse capaz<br \/>\n.<\/p>\n<p style=\"text-align: justify;\"><strong>5.<\/strong> Eu <del>sou<\/del> estou me tornando astr\u00f3loga e benzedeira. Mas sou c\u00e9tica tamb\u00e9m. E nada coerente.<\/p>\n<p style=\"text-align: justify;\"><strong>6.<\/strong> Ali\u00e1s esse \u00e9 um outro t\u00f3pico. Eu n\u00e3o sou coerente, eu n\u00e3o sou uma unidade, n\u00e3o tem aqui dentro um s\u00f3 &#8220;eu&#8221; formadinho e acabado, nem inacabado, por sinal. Eu sou uma entidade composta, contradit\u00f3ria e conflituosa. E acredito que fora algumas almas muito iluminadas, todos n\u00f3s somos assim. Parei de correr atr\u00e1s de uma \u00fanica Nalu, coerente e una.<\/p>\n<p><strong>7.<\/strong> Eu n\u00e3o tenho medo nenhum de<img loading=\"lazy\" decoding=\"async\" class=\"wp-image-2394 alignright\" src=\"http:\/\/nalu.in\/wp-content\/uploads\/2007\/09\/q05.jpg\" alt=\"q05\" width=\"145\" height=\"142\" \/> morrer, acho que morrer deve ser uma del\u00ed\u00adcia, um al\u00ed\u00advio tornar-se nada. Mas eu amo muito a vida, acho que esta sempre foi de uma generosidade incr\u00ed\u00advel comigo&#8230;<br \/>\n&nbsp;<br \/>\nAchei \u00f3timo mais uma lista egotrip, foi bom mostrar mais sete caras minhas. Quem n\u00e3o gosta de falar de si, n\u00e3o \u00e9?<br \/>\nN\u00e3o vou passar pra frente, acho que os meus blogueiros preferidos j\u00e1 receberam esse desafio em algum momento, bem como as meninas do LV, ent\u00e3o, quem quiser, pode responder&#8230;<\/p>\n","protected":false},"excerpt":{"rendered":"<p>Desafiada pela Isa e pela R\u00ea, num desafio que alegremente agitou o LV na sexta Feira, vou escrever sete coisas sobre mim: 1. Meu nome \u00e9 Nalu mesmo, por mais que pare\u00e7a apelido. A hist\u00f3ria dele eu j\u00e1 contei aqui. Se eu fosse branquinha, um nome que meus pais cogitaram pra mim foi Ang\u00e9lica, mas &hellip; <a href=\"https:\/\/nalua.in\/blog\/mais-sete\/\" class=\"more-link\">Continuar lendo <span class=\"screen-reader-text\">mais sete<\/span><\/a><\/p>\n","protected":false},"author":1,"featured_media":0,"comment_status":"open","ping_status":"open","sticky":false,"template":"","format":"standard","meta":{"footnotes":""},"categories":[86],"tags":[],"class_list":["post-256","post","type-post","status-publish","format-standard","hentry","category-me-myself-an-i"],"_links":{"self":[{"href":"https:\/\/nalua.in\/blog\/wp-json\/wp\/v2\/posts\/256","targetHints":{"allow":["GET"]}}],"collection":[{"href":"https:\/\/nalua.in\/blog\/wp-json\/wp\/v2\/posts"}],"about":[{"href":"https:\/\/nalua.in\/blog\/wp-json\/wp\/v2\/types\/post"}],"author":[{"embeddable":true,"href":"https:\/\/nalua.in\/blog\/wp-json\/wp\/v2\/users\/1"}],"replies":[{"embeddable":true,"href":"https:\/\/nalua.in\/blog\/wp-json\/wp\/v2\/comments?post=256"}],"version-history":[{"count":0,"href":"https:\/\/nalua.in\/blog\/wp-json\/wp\/v2\/posts\/256\/revisions"}],"wp:attachment":[{"href":"https:\/\/nalua.in\/blog\/wp-json\/wp\/v2\/media?parent=256"}],"wp:term":[{"taxonomy":"category","embeddable":true,"href":"https:\/\/nalua.in\/blog\/wp-json\/wp\/v2\/categories?post=256"},{"taxonomy":"post_tag","embeddable":true,"href":"https:\/\/nalua.in\/blog\/wp-json\/wp\/v2\/tags?post=256"}],"curies":[{"name":"wp","href":"https:\/\/api.w.org\/{rel}","templated":true}]}}