{"id":2559,"date":"2015-02-01T13:15:35","date_gmt":"2015-02-01T13:15:35","guid":{"rendered":"http:\/\/nalu.in\/?p=2559"},"modified":"2015-02-01T13:15:35","modified_gmt":"2015-02-01T13:15:35","slug":"janeiro-de-2015","status":"publish","type":"post","link":"https:\/\/nalua.in\/blog\/janeiro-de-2015\/","title":{"rendered":"Janeiro de 2015"},"content":{"rendered":"<div style=\"text-align: center;\"><img loading=\"lazy\" decoding=\"async\" class=\"alignleft  wp-image-2561\" src=\"https:\/\/nalua.in\/blog\/wp-content\/uploads\/2015\/02\/january-calendar.jpg\" alt=\"january-calendar\" width=\"286\" height=\"161\" srcset=\"https:\/\/nalua.in\/blog\/wp-content\/uploads\/2015\/02\/january-calendar.jpg 640w, https:\/\/nalua.in\/blog\/wp-content\/uploads\/2015\/02\/january-calendar-300x169.jpg 300w\" sizes=\"auto, (max-width: 286px) 100vw, 286px\" \/><em><strong>Janeiro \u00e9 poesia<\/strong><\/em><\/div>\n<div style=\"text-align: center;\"><em><strong>que reivindica<\/strong><\/em><\/div>\n<div style=\"text-align: center;\"><em><strong>\u00c9 esperan\u00e7a.<\/strong><\/em><\/div>\n<div style=\"text-align: center;\"><em><strong>Organiza\u00e7\u00e3o.<\/strong><\/em><\/div>\n<div style=\"text-align: center;\"><em><strong>Guerras anunciadas<\/strong><\/em><\/div>\n<div style=\"text-align: center;\"><em><strong>N\u00e3o denunciadas<\/strong><\/em><\/div>\n<div style=\"text-align: center;\"><em><strong>Nunca foram declaradas.<\/strong><\/em><\/div>\n<div style=\"text-align: center;\">.<\/div>\n<div style=\"text-align: center;\"><\/div>\n<div style=\"text-align: center;\"><strong>Paulo Rams<\/strong><\/div>\n<div style=\"text-align: center;\">&#8211;o&#8211;<\/div>\n<p style=\"text-align: justify;\">Janeiro. Passou r\u00e1pido, \u00e9 o que digo. Muito r\u00e1pido, n\u00e3o acredito que j\u00e1 vencemos um m\u00eas deste 2015. Em termos de resolu\u00e7\u00e3o e for\u00e7a eu fui mal, foi um m\u00eas indisciplinado e procrastinador. Mas foi bom, bem recheado. Cara, eu olho minhas listinhas e fico t\u00e3o feliz de ter o trabalho que tenho. Que me deixa ter vida, ter horas no meu dia, fazer muita coisa. Isso \u00e9 bom demais. E agora sim, depois de tantos anos, agora eu estou conseguindo aproveitar isso de acordo. \u00c9 isso. Eu li pouco, mal consegui cumprir os desafios. Mas quanto mais enrolada e <em>procrastinante<\/em> eu fico, menos eu leio, normal.<\/p>\n<h4><span style=\"text-decoration: underline;\"><strong>Alegrias de Janeiro<\/strong><\/span><\/h4>\n<p>&nbsp;<br \/>\n<strong>Filmes<\/strong><!--more--><\/p>\n<ol>\n<li>Babel<\/li>\n<li>A Estrada<\/li>\n<li>Amante \u00ed\u00a0 Domic\u00ed\u00adlio<\/li>\n<li>Boyhood<\/li>\n<li>Mesmo se Nada der Certo<\/li>\n<li>Acima das Nuvens<\/li>\n<li>Teoria de Tudo<\/li>\n<li>As Coisas Imposs\u00ed\u00adveis do Amor<\/li>\n<\/ol>\n<p><strong>S\u00e9ries<\/strong><\/p>\n<ol>\n<li>Sherlock 2\u00aa e 3\u00aa Temporada<\/li>\n<li>Gilmore Girls at\u00e9 6\u00aa Temporada<\/li>\n<li>Olive Kitteridge (miniss\u00e9rie)<\/li>\n<\/ol>\n<p><strong>Arte (!)<\/strong><\/p>\n<ol>\n<li>Capa caderno de Listas Liter\u00e1rias<\/li>\n<\/ol>\n<p><strong>Livros<\/strong><\/p>\n<ol>\n<li>Americanah &#8211; Chimamanda Ngozi Adichie<\/li>\n<li>Assassinato no Expresso do Oriente &#8211; Agatha Christie<\/li>\n<li>Vermelho Amargo &#8211; Bartolomeu Campos de Queiroz<\/li>\n<li>Flores &#8211; Mario Bellatin<\/li>\n<li>Cora\u00e7\u00e3o T\u00e3o Branco &#8211; Javier Marias<\/li>\n<\/ol>\n<p><strong>Alegrias<\/strong><\/p>\n<ol>\n<li>Passagem do Ano<\/li>\n<li>Noitada Rada e Karina<\/li>\n<li>Encontro com as meninas da Sociologia<\/li>\n<li>Tarde com a N\u00e1dia<\/li>\n<li>Presente da Nadia<\/li>\n<li>Presente da Daise<\/li>\n<li>Encontro na casa da Sylvia, com Isa.<\/li>\n<li>Almo\u00e7o com a D\u00ea e a Isa<\/li>\n<li>Carta do Ano<\/li>\n<\/ol>\n<p><strong>Cozinha<\/strong><\/p>\n<ol>\n<li>Bolos brancos com cobertura.<\/li>\n<li>Dang\u00f4<\/li>\n<li>Bolo de Chocolate com cobertura<\/li>\n<\/ol>\n<p>&nbsp;<br \/>\n&nbsp;<br \/>\n&nbsp;<\/p>\n","protected":false},"excerpt":{"rendered":"<p>Janeiro \u00e9 poesia que reivindica \u00c9 esperan\u00e7a. Organiza\u00e7\u00e3o. Guerras anunciadas N\u00e3o denunciadas Nunca foram declaradas. . Paulo Rams &#8211;o&#8211; Janeiro. Passou r\u00e1pido, \u00e9 o que digo. Muito r\u00e1pido, n\u00e3o acredito que j\u00e1 vencemos um m\u00eas deste 2015. Em termos de resolu\u00e7\u00e3o e for\u00e7a eu fui mal, foi um m\u00eas indisciplinado e procrastinador. Mas foi bom, &hellip; <a href=\"https:\/\/nalua.in\/blog\/janeiro-de-2015\/\" class=\"more-link\">Continuar lendo <span class=\"screen-reader-text\">Janeiro de 2015<\/span><\/a><\/p>\n","protected":false},"author":1,"featured_media":0,"comment_status":"open","ping_status":"open","sticky":false,"template":"","format":"standard","meta":{"footnotes":""},"categories":[52],"tags":[],"class_list":["post-2559","post","type-post","status-publish","format-standard","hentry","category-mensalinho"],"_links":{"self":[{"href":"https:\/\/nalua.in\/blog\/wp-json\/wp\/v2\/posts\/2559","targetHints":{"allow":["GET"]}}],"collection":[{"href":"https:\/\/nalua.in\/blog\/wp-json\/wp\/v2\/posts"}],"about":[{"href":"https:\/\/nalua.in\/blog\/wp-json\/wp\/v2\/types\/post"}],"author":[{"embeddable":true,"href":"https:\/\/nalua.in\/blog\/wp-json\/wp\/v2\/users\/1"}],"replies":[{"embeddable":true,"href":"https:\/\/nalua.in\/blog\/wp-json\/wp\/v2\/comments?post=2559"}],"version-history":[{"count":0,"href":"https:\/\/nalua.in\/blog\/wp-json\/wp\/v2\/posts\/2559\/revisions"}],"wp:attachment":[{"href":"https:\/\/nalua.in\/blog\/wp-json\/wp\/v2\/media?parent=2559"}],"wp:term":[{"taxonomy":"category","embeddable":true,"href":"https:\/\/nalua.in\/blog\/wp-json\/wp\/v2\/categories?post=2559"},{"taxonomy":"post_tag","embeddable":true,"href":"https:\/\/nalua.in\/blog\/wp-json\/wp\/v2\/tags?post=2559"}],"curies":[{"name":"wp","href":"https:\/\/api.w.org\/{rel}","templated":true}]}}