{"id":2552,"date":"2014-11-29T21:24:06","date_gmt":"2014-11-29T21:24:06","guid":{"rendered":"http:\/\/nalu.in\/?p=2552"},"modified":"2014-11-29T21:24:06","modified_gmt":"2014-11-29T21:24:06","slug":"teoria-geral-do-esquecimento","status":"publish","type":"post","link":"https:\/\/nalua.in\/blog\/teoria-geral-do-esquecimento\/","title":{"rendered":"Teoria Geral do Esquecimento"},"content":{"rendered":"<p><a href=\"http:\/\/livros.nalu.in\/wp-content\/uploads\/2014\/12\/30371937.jpg\"><img loading=\"lazy\" decoding=\"async\" class=\"alignleft size-medium wp-image-2525\" src=\"http:\/\/livros.nalu.in\/wp-content\/uploads\/2014\/12\/30371937-183x300.jpg\" alt=\"30371937\" width=\"183\" height=\"300\" \/><\/a><strong>Teoria Geral do Esquecimento &#8211; Jos\u00e9 Eduardo Agualusa<\/strong><\/p>\n<p style=\"text-align: justify;\">Amei esse livro. Muito, muito bom. Tamb\u00e9m foi lido por causa da lista dos <a href=\"http:\/\/livros.nalu.in\/para-ler-os-contemporaneos\/\" target=\"_blank\" rel=\"noopener\">contempor\u00e2neos<\/a>. Achei delicado, forte, a escrita \u00e9 uma del\u00ed\u00adcia, e desse autor eu tamb\u00e9m quero ler mais livros. Ali\u00e1s, estou nessa fase \u00f3tima de autores portugueses. Ludo, a protagonista, \u00e9 uma das personagens mais interessantes que eu j\u00e1 tive o prazer de ler. Recomendo muito a leitura desse livro.<\/p>\n<p style=\"text-align: justify;\">Idioma: PORTUGU\u00ed\u0160S<br \/>\nEditora: EDITORA FOZ<br \/>\nAssunto: Literatura Internacional &#8211; Romances<br \/>\nEdi\u00e7\u00e3o: 1<br \/>\nAno: 2012<\/p>\n<p style=\"text-align: justify;\">SINOPSE<\/p>\n<p style=\"text-align: justify;\"><!--more--><br \/>\nLuanda, 1975. Ludovica, ou Ludo, criada por Jos\u00e9 Agualusa neste livro, ergue uma parede separando seu apartamento do resto do edif\u00ed\u00adcio onde vive &#8211; e assim guia o leitor por uma narrativa em que o sentido de humor serve como ant\u00ed\u00addoto \u00ed\u00a0 tr\u00e1gica hist\u00f3ria angolana. Isolada do resto do mundo, rodeada por livros, na companhia de um c\u00e3o, Ludo v\u00ea-se cercada por hist\u00f3rias aparentemente desconexas, que mais tarde bater\u00e3o \u00ed\u00a0 sua porta na forma de muitos personagens, feitos de carne e osso, mas que poderiam ser habitantes de um sonho.<\/p>\n","protected":false},"excerpt":{"rendered":"<p>Teoria Geral do Esquecimento &#8211; Jos\u00e9 Eduardo Agualusa Amei esse livro. Muito, muito bom. Tamb\u00e9m foi lido por causa da lista dos contempor\u00e2neos. Achei delicado, forte, a escrita \u00e9 uma del\u00ed\u00adcia, e desse autor eu tamb\u00e9m quero ler mais livros. Ali\u00e1s, estou nessa fase \u00f3tima de autores portugueses. Ludo, a protagonista, \u00e9 uma das personagens &hellip; <a href=\"https:\/\/nalua.in\/blog\/teoria-geral-do-esquecimento\/\" class=\"more-link\">Continuar lendo <span class=\"screen-reader-text\">Teoria Geral do Esquecimento<\/span><\/a><\/p>\n","protected":false},"author":1,"featured_media":0,"comment_status":"open","ping_status":"open","sticky":false,"template":"","format":"standard","meta":{"footnotes":""},"categories":[38,42,44],"tags":[],"class_list":["post-2552","post","type-post","status-publish","format-standard","hentry","category-leituras","category-literatura","category-livros"],"_links":{"self":[{"href":"https:\/\/nalua.in\/blog\/wp-json\/wp\/v2\/posts\/2552","targetHints":{"allow":["GET"]}}],"collection":[{"href":"https:\/\/nalua.in\/blog\/wp-json\/wp\/v2\/posts"}],"about":[{"href":"https:\/\/nalua.in\/blog\/wp-json\/wp\/v2\/types\/post"}],"author":[{"embeddable":true,"href":"https:\/\/nalua.in\/blog\/wp-json\/wp\/v2\/users\/1"}],"replies":[{"embeddable":true,"href":"https:\/\/nalua.in\/blog\/wp-json\/wp\/v2\/comments?post=2552"}],"version-history":[{"count":0,"href":"https:\/\/nalua.in\/blog\/wp-json\/wp\/v2\/posts\/2552\/revisions"}],"wp:attachment":[{"href":"https:\/\/nalua.in\/blog\/wp-json\/wp\/v2\/media?parent=2552"}],"wp:term":[{"taxonomy":"category","embeddable":true,"href":"https:\/\/nalua.in\/blog\/wp-json\/wp\/v2\/categories?post=2552"},{"taxonomy":"post_tag","embeddable":true,"href":"https:\/\/nalua.in\/blog\/wp-json\/wp\/v2\/tags?post=2552"}],"curies":[{"name":"wp","href":"https:\/\/api.w.org\/{rel}","templated":true}]}}