{"id":2551,"date":"2014-11-28T21:19:43","date_gmt":"2014-11-28T21:19:43","guid":{"rendered":"http:\/\/nalu.in\/?p=2551"},"modified":"2014-11-28T21:19:43","modified_gmt":"2014-11-28T21:19:43","slug":"livro","status":"publish","type":"post","link":"https:\/\/nalua.in\/blog\/livro\/","title":{"rendered":"Livro"},"content":{"rendered":"<p style=\"text-align: justify;\"><a href=\"http:\/\/livros.nalu.in\/wp-content\/uploads\/2014\/12\/13096_gg.jpg\"><img loading=\"lazy\" decoding=\"async\" class=\"alignleft  wp-image-2519\" src=\"http:\/\/livros.nalu.in\/wp-content\/uploads\/2014\/12\/13096_gg-199x300.jpg\" alt=\"13096_gg\" width=\"179\" height=\"270\" \/><\/a><strong>Livro &#8211; Jos\u00e9 Lu\u00ed\u00ads Peixoto<\/strong><\/p>\n<p style=\"text-align: justify;\">Adorei esse livro, adorei! Nossa, foi um daqueles livros que me deu vontade que n\u00e3o terminasse. Que surpreendeu, que achei diferente, que me emocionou&#8230; Fiquei com muita vontade de elr mais cosias desse autor, principalmente o livro novo dele, Galveias. Tamb\u00e9m\u00c2\u00a0foi lido por causa da lista dos <a href=\"http:\/\/livros.nalu.in\/para-ler-os-contemporaneos\/\" target=\"_blank\" rel=\"noopener\">contempor\u00e2neos<\/a>, mas principalmente porque eu j\u00e1 tinha comprado ele f\u00ed\u00adsico (esses dias saiu o ebook) e estava aqui me esperando pra ser lido j\u00e1 fazia algum tempo. O final dele \u00e9 muito massa. Eu fiquei com impress\u00e3o de que todo mundo que tem vontade de escrever &#8220;deveria&#8221; ler esse livro.<!--more--><\/p>\n<div class=\"fichatec_1\">Capa\u00c2\u00a0Fl\u00e1via Castanheira<\/div>\n<div class=\"fichatec_1\">P\u00e1ginas:\u00c2\u00a0<span class=\"fichatec_2\">288<\/span><\/div>\n<div class=\"fichatec_1\">Formato:\u00c2\u00a0<span class=\"fichatec_2\">14.00 x 21.00 cm<\/span><\/div>\n<div class=\"fichatec_1\">Peso:\u00c2\u00a0<span class=\"fichatec_2\">0.37900 kg<\/span><\/div>\n<div class=\"fichatec_1\">Acabamento:\u00c2\u00a0<span class=\"fichatec_2\">Brochura<\/span><\/div>\n<div class=\"fichatec_1\">Lan\u00e7amento:\u00c2\u00a0<span class=\"fichatec_2\">07\/02\/2012<\/span><\/div>\n<div class=\"fichatec_1\">ISBN:\u00c2\u00a0<span class=\"fichatec_2\">9788535920192<\/span><\/div>\n<div class=\"fichatec_1\">Selo:\u00c2\u00a0<span class=\"fichatec_2\">Companhia das Letras<\/span><\/div>\n<p style=\"text-align: justify;\">O escritor portugu\u00eas Jos\u00e9 Lu\u00ed\u00ads Peixoto recria neste romance o sabor das grandes narrativas de forma\u00e7\u00e3o. A vida de Il\u00ed\u00addio, o protagonista, \u00e9 o relato de uma persegui\u00e7\u00e3o que come\u00e7a no dia traum\u00e1tico em que a m\u00e3e o abandonou na inf\u00e2ncia, avan\u00e7ando atrav\u00e9s de seu amor pela delicada Adelaide.<br \/>\nDeterminada a afastar os jovens amantes, a tia de Adelaide a obriga a emigrar para Paris, seguindo o caminho que fizeram mais de um milh\u00e3o de portugueses entre os anos 1960 e 1970. De Il\u00ed\u00addio, Adelaide carrega s\u00f3 um livro, que recebeu de presente &#8211; o mesmo livro que a m\u00e3e lhe entregou quando era menino, dizendo que voltava logo.<br \/>\nNa Fran\u00e7a, a exist\u00eancia de Adelaide \u00e9 um esfor\u00e7o cont\u00ed\u00adnuo para preencher vazios. Mais por infelicidade do que por felicidade, casa-se. Tamb\u00e9m um livro a conduz a esse marido que parece mais apaixonado pela pol\u00ed\u00adtica do que pela mulher.<br \/>\nO sonho de um reencontro \u00e9 tortuoso. Mas Il\u00ed\u00addio resolve viajar para a Fran\u00e7a em busca da amada, deixando para tr\u00e1s o pedreiro Josu\u00e9, o homem que o criou. Cartas que n\u00e3o chegam aos destinat\u00e1rios, buscas que n\u00e3o se completam e amores dif\u00ed\u00adceis tran\u00e7am este delicado romance, no qual a dor se afirma como primeira condi\u00e7\u00e3o do existir.<\/p>\n","protected":false},"excerpt":{"rendered":"<p>Livro &#8211; Jos\u00e9 Lu\u00ed\u00ads Peixoto Adorei esse livro, adorei! Nossa, foi um daqueles livros que me deu vontade que n\u00e3o terminasse. Que surpreendeu, que achei diferente, que me emocionou&#8230; Fiquei com muita vontade de elr mais cosias desse autor, principalmente o livro novo dele, Galveias. Tamb\u00e9m\u00c2\u00a0foi lido por causa da lista dos contempor\u00e2neos, mas principalmente &hellip; <a href=\"https:\/\/nalua.in\/blog\/livro\/\" class=\"more-link\">Continuar lendo <span class=\"screen-reader-text\">Livro<\/span><\/a><\/p>\n","protected":false},"author":1,"featured_media":0,"comment_status":"open","ping_status":"open","sticky":false,"template":"","format":"standard","meta":{"footnotes":""},"categories":[38,41,44],"tags":[],"class_list":["post-2551","post","type-post","status-publish","format-standard","hentry","category-leituras","category-listas","category-livros"],"_links":{"self":[{"href":"https:\/\/nalua.in\/blog\/wp-json\/wp\/v2\/posts\/2551","targetHints":{"allow":["GET"]}}],"collection":[{"href":"https:\/\/nalua.in\/blog\/wp-json\/wp\/v2\/posts"}],"about":[{"href":"https:\/\/nalua.in\/blog\/wp-json\/wp\/v2\/types\/post"}],"author":[{"embeddable":true,"href":"https:\/\/nalua.in\/blog\/wp-json\/wp\/v2\/users\/1"}],"replies":[{"embeddable":true,"href":"https:\/\/nalua.in\/blog\/wp-json\/wp\/v2\/comments?post=2551"}],"version-history":[{"count":0,"href":"https:\/\/nalua.in\/blog\/wp-json\/wp\/v2\/posts\/2551\/revisions"}],"wp:attachment":[{"href":"https:\/\/nalua.in\/blog\/wp-json\/wp\/v2\/media?parent=2551"}],"wp:term":[{"taxonomy":"category","embeddable":true,"href":"https:\/\/nalua.in\/blog\/wp-json\/wp\/v2\/categories?post=2551"},{"taxonomy":"post_tag","embeddable":true,"href":"https:\/\/nalua.in\/blog\/wp-json\/wp\/v2\/tags?post=2551"}],"curies":[{"name":"wp","href":"https:\/\/api.w.org\/{rel}","templated":true}]}}