{"id":255,"date":"2007-08-30T20:30:41","date_gmt":"2007-08-30T23:30:41","guid":{"rendered":"http:\/\/nalu.in\/255"},"modified":"2007-08-30T20:30:41","modified_gmt":"2007-08-30T23:30:41","slug":"coisas","status":"publish","type":"post","link":"https:\/\/nalua.in\/blog\/coisas\/","title":{"rendered":"hell man s"},"content":{"rendered":"<p><span style=\"font-size: 20px;\"><strong><br \/>\nAlgumas coisas que eu acho intrigantes<\/strong>:<a href=\"http:\/\/nalu.in\/wp-content\/uploads\/2007\/08\/gaelgarcia.jpg\"><img loading=\"lazy\" decoding=\"async\" class=\" wp-image-2383 alignleft\" src=\"http:\/\/nalu.in\/wp-content\/uploads\/2007\/08\/gaelgarcia.jpg\" alt=\"gaelgarcia\" width=\"213\" height=\"213\" srcset=\"https:\/\/nalua.in\/blog\/wp-content\/uploads\/2007\/08\/gaelgarcia.jpg 300w, https:\/\/nalua.in\/blog\/wp-content\/uploads\/2007\/08\/gaelgarcia-150x150.jpg 150w\" sizes=\"auto, (max-width: 213px) 100vw, 213px\" \/><\/a><\/span><br \/>\n&nbsp;<\/p>\n<p style=\"text-align: justify;\"><em>Por que ter <del>um pouco de<\/del> &#8220;cultura&#8221; \u00e9 ofensivo, muitas (e muitas e muitas) vezes por si s\u00f3?<\/em> Porque sempre parece que \u00e9 pessoal? (N\u00e3o, eu n\u00e3o estou falando de mim, que eu n\u00e3o sou culta).<\/p>\n<p style=\"text-align: justify;\">Acho incr\u00ed\u00advel isso, parece ofensivo que as pessoas saibam as coisas e digam que sabem. Acho incr\u00ed\u00advel porque isso n\u00e3o me ofende, me causa admira\u00e7\u00e3o e inveja, e eu queria entender o mecanismo de quem se ofende. E por zeus, eu j\u00e1 vi isso acontecer tanto tanto tanto&#8230;E sempre fico com cara de u\u00e9? Como assim? Na paz, s\u00f3 pra entender.<!--more--><\/p>\n<p style=\"text-align: justify;\">Penso que seria mais ou menos como ficar ofendida com a beleza. J\u00e1 pensou sentir-se ofendido com a sinples presen\u00e7a da Ana Paula Ar\u00f3sio? Da Catherine Zeta-Jones? Do Gael Garcia Bernal? Heim? Heim?<\/p>\n<p style=\"text-align: justify;\">Engra\u00e7ado n\u00e9? Ser\u00e1 que \u00e9 porque a cultura supostamente dependeria de um esfor\u00e7o pessoal e a beleza n\u00e3o? Sei l\u00e1&#8230;<\/p>\n<p style=\"text-align: justify;\">Eu gosto de saber, gosto muito. Deve ser o <a href=\"http:\/\/www.figurasnalu.blogger.com.br\/meumapa.gif\" target=\"_blank\" rel=\"noopener\">eixo 3-9<\/a> super ativado no meu mapa. Pena n\u00e3o ter o aparato necess\u00e1rio para aprender mais, saber mais.<strong><a href=\"http:\/\/nalu.in\/wp-content\/uploads\/2007\/08\/zetajones2.jpg\"><img loading=\"lazy\" decoding=\"async\" class=\"alignright  wp-image-2384\" src=\"http:\/\/nalu.in\/wp-content\/uploads\/2007\/08\/zetajones2-766x1024.jpg\" alt=\"zetajones2\" width=\"166\" height=\"222\" \/><\/a><\/strong><\/p>\n<p style=\"text-align: justify;\">Mas eu entendo perfeitamente que esta n\u00e3o \u00e9 a praia de todo mundo. E da\u00ed\u00ad n\u00e9? Cada um com seu cada qual como diz o outro e a minha m\u00e3ezinha querida. Que ali\u00e1s quando nova era linda que s\u00f3 vendo!!!! Vou perguntar a ela se algu\u00e9m j\u00e1 se ofendeu com a beleza dela. Mas ela n\u00e3o vai saber, ela desde o inicio dos tempos se acha feia, uma d\u00f3.<\/p>\n<p style=\"text-align: justify;\"><strong>Estou s\u00f3 viajando, este \u00e9 um post via\u00e7\u00e3o Hell man&#8217;s.<\/strong><\/p>\n<p style=\"text-align: justify;\"><em>Por que as pessoas mais radicais e intolerantes normalmente s\u00e3o as que mais se irritam e ficam radicalmente inflamadas com radicalismos?<\/em><\/p>\n<p style=\"text-align: justify;\">Ali\u00e1s, falta uma palavra na l\u00ed\u00adngua portuguesa que signifique inveja sem desejo de que o outro perca a coisa invejada ou sem desejar o mal. O termo que por si s\u00f3 designaria a chamada &#8220;inveja branca&#8221;. Ser\u00e1 que tem e eu n\u00e3o sei? Porque n\u00e3o seria s\u00f3 admira\u00e7\u00e3o. Seria um misto de admira\u00e7\u00e3o e vontade de ter, sem o componente mal\u00e9fico. Ou ser\u00e1 que o componete mal\u00e9fico n\u00e3o \u00e9 um componente do significado da palavra inveja? Mas acho que \u00e9, sen\u00e3o n\u00e3o seria um dos sete pecados capitais.<\/p>\n<p>&nbsp;<\/p>\n<p style=\"text-align: justify;\">\n","protected":false},"excerpt":{"rendered":"<p>Algumas coisas que eu acho intrigantes: &nbsp; Por que ter um pouco de &#8220;cultura&#8221; \u00e9 ofensivo, muitas (e muitas e muitas) vezes por si s\u00f3? Porque sempre parece que \u00e9 pessoal? (N\u00e3o, eu n\u00e3o estou falando de mim, que eu n\u00e3o sou culta). Acho incr\u00ed\u00advel isso, parece ofensivo que as pessoas saibam as coisas e &hellip; <a href=\"https:\/\/nalua.in\/blog\/coisas\/\" class=\"more-link\">Continuar lendo <span class=\"screen-reader-text\">hell man s<\/span><\/a><\/p>\n","protected":false},"author":1,"featured_media":0,"comment_status":"open","ping_status":"open","sticky":false,"template":"","format":"standard","meta":{"footnotes":""},"categories":[86],"tags":[],"class_list":["post-255","post","type-post","status-publish","format-standard","hentry","category-me-myself-an-i"],"_links":{"self":[{"href":"https:\/\/nalua.in\/blog\/wp-json\/wp\/v2\/posts\/255","targetHints":{"allow":["GET"]}}],"collection":[{"href":"https:\/\/nalua.in\/blog\/wp-json\/wp\/v2\/posts"}],"about":[{"href":"https:\/\/nalua.in\/blog\/wp-json\/wp\/v2\/types\/post"}],"author":[{"embeddable":true,"href":"https:\/\/nalua.in\/blog\/wp-json\/wp\/v2\/users\/1"}],"replies":[{"embeddable":true,"href":"https:\/\/nalua.in\/blog\/wp-json\/wp\/v2\/comments?post=255"}],"version-history":[{"count":0,"href":"https:\/\/nalua.in\/blog\/wp-json\/wp\/v2\/posts\/255\/revisions"}],"wp:attachment":[{"href":"https:\/\/nalua.in\/blog\/wp-json\/wp\/v2\/media?parent=255"}],"wp:term":[{"taxonomy":"category","embeddable":true,"href":"https:\/\/nalua.in\/blog\/wp-json\/wp\/v2\/categories?post=255"},{"taxonomy":"post_tag","embeddable":true,"href":"https:\/\/nalua.in\/blog\/wp-json\/wp\/v2\/tags?post=255"}],"curies":[{"name":"wp","href":"https:\/\/api.w.org\/{rel}","templated":true}]}}