{"id":2514,"date":"2014-12-21T21:38:41","date_gmt":"2014-12-21T21:38:41","guid":{"rendered":"http:\/\/nalu.in\/?p=2514"},"modified":"2023-04-04T21:43:35","modified_gmt":"2023-04-04T21:43:35","slug":"matteo-perdeu-o-emprego","status":"publish","type":"post","link":"https:\/\/nalua.in\/blog\/matteo-perdeu-o-emprego\/","title":{"rendered":"Matteo Perdeu o Emprego"},"content":{"rendered":"<p style=\"text-align: justify;\"><img loading=\"lazy\" decoding=\"async\" class=\"size-medium wp-image-164984 alignleft\" src=\"https:\/\/nalua.in\/blog\/wp-content\/uploads\/2014\/12\/42198183-182x300.jpg\" alt=\"\" width=\"182\" height=\"300\" srcset=\"https:\/\/nalua.in\/blog\/wp-content\/uploads\/2014\/12\/42198183-182x300.jpg 182w, https:\/\/nalua.in\/blog\/wp-content\/uploads\/2014\/12\/42198183.jpg 300w\" sizes=\"auto, (max-width: 182px) 100vw, 182px\" \/>Matteo perdeu o emprego &#8211; Gon\u00e7alo M. Tavares<\/p>\n<p style=\"text-align: justify;\">Esse livro faz parte do Plano Nacional de Leitura de Portugal, o que eu achei curioso, \u00e9 pra meninos de 11 anos pra cima. Curioso porque n\u00e3o \u00e9 um livro f\u00e1cil. \u00c9 bem peculiar, diferente. Um pouco inc\u00f4modo de ler, mas muito interessante, e prende a aten\u00e7\u00e3o. Eu n\u00e3o conhecia Gon\u00e7alo M. Tavares e fiquei conhecendo por causa da lista dos autores contempor\u00e2neos. N\u00e3o sei se foi uma boa op\u00e7\u00e3o come\u00e7ar por esse livro, talvez n\u00e3o seja dos melhores livros desse autor. E n\u00e3o me deu vontade de procurar mais dele pra ler. Provavelmente n\u00e3o vou mais ler nada dele, porque a vida \u00e9 pouca pra tanto livro e tenho livros na fila pra tr\u00eas vidas ainda.<\/p>\n<p style=\"text-align: justify;\">\n<p style=\"text-align: justify;\">Matteo responde a um an\u00fancio de emprego. Toca a campainha e uma mulher recebe-o. Mas a mulher apresenta uma particularidade estranha. \u00c9 a primeira proposta de trabalho de Matteo em muitos meses: aceita-a. Mas Matteo n\u00e3o suporta aquele of\u00ed\u00adcio durante muito tempo. Responde a um novo an\u00fancio. Toca a\u00a0 campainha e um homem abre a porta e recebe-o. De novo, a mesma particularidade estranha.<br \/>\nV\u00e1rias personagens e epis\u00f3dios sucedem-se como pe\u00e7as de domin\u00f3 que v\u00e3o caindo umas sobre as outras. As personagens cruzam-se e cada uma delas \u00e9 abandonada quando surge a seguinte. S\u00e3o liga\u00e7\u00f5es sucessivas &#8211; at\u00e9 que se chega a Matteo, o homem que perdeu o emprego.<\/p>\n<hr \/>\n<p>Resumo do livro Matteo Perdeu o Emprego &#8211; Gon\u00e7alo M. Tavares<\/p>\n<p style=\"text-align: justify;\">Matteo Perdeu o Emprego \u00e9 um livro de contos do escritor portugu\u00eas Gon\u00e7alo M. Tavares, publicado em 2012 pela Porto Editora. O livro \u00e9 composto por 26 hist\u00f3rias interligadas pela primeira letra do nome dos personagens, que v\u00e3o de Aaronson a Z\u00e9, passando por Matteo, o protagonista do t\u00edtulo.<\/p>\n<p style=\"text-align: justify;\">As hist\u00f3rias s\u00e3o breves e surpreendentes, explorando temas como a identidade, a solid\u00e3o, a viol\u00eancia, o absurdo e a morte. Cada personagem vive uma situa\u00e7\u00e3o peculiar e inusitada, que revela algo sobre sua personalidade e seu destino. Por exemplo, Aaronson \u00e9 um homem que recolhe o lixo das ruas e o devolve aos supermercados depois de lav\u00e1-lo cuidadosamente; Boimann \u00e9 um jovem que s\u00f3 diz &#8220;n\u00e3o&#8221; a tudo e a todos; Camer \u00e9 um corredor que faz voltas em uma rotat\u00f3ria sem parar; Matteo \u00e9 um homem que perde o emprego e se v\u00ea sem rumo na vida.<\/p>\n<p style=\"text-align: justify;\">O livro mistura fic\u00e7\u00e3o e ensaio, pois ao final de cada hist\u00f3ria h\u00e1 uma nota do autor comentando algum aspecto filos\u00f3fico ou liter\u00e1rio relacionado ao conto. Essas notas ampliam o sentido das narrativas e convidam o leitor a refletir sobre quest\u00f5es universais da condi\u00e7\u00e3o humana.<\/p>\n<p style=\"text-align: justify;\">Matteo Perdeu o Emprego \u00e9 um livro original e provocador, que mostra a criatividade e a versatilidade de Gon\u00e7alo M. Tavares, considerado um dos maiores nomes da literatura contempor\u00e2nea portuguesa.<\/p>\n","protected":false},"excerpt":{"rendered":"<p>Matteo perdeu o emprego &#8211; Gon\u00e7alo M. Tavares Esse livro faz parte do Plano Nacional de Leitura de Portugal, o que eu achei curioso, \u00e9 pra meninos de 11 anos pra cima. Curioso porque n\u00e3o \u00e9 um livro f\u00e1cil. \u00c9 bem peculiar, diferente. Um pouco inc\u00f4modo de ler, mas muito interessante, e prende a aten\u00e7\u00e3o. &hellip; <a href=\"https:\/\/nalua.in\/blog\/matteo-perdeu-o-emprego\/\" class=\"more-link\">Continuar lendo <span class=\"screen-reader-text\">Matteo Perdeu o Emprego<\/span><\/a><\/p>\n","protected":false},"author":1,"featured_media":0,"comment_status":"open","ping_status":"open","sticky":false,"template":"","format":"standard","meta":{"footnotes":""},"categories":[44],"tags":[],"class_list":["post-2514","post","type-post","status-publish","format-standard","hentry","category-livros"],"_links":{"self":[{"href":"https:\/\/nalua.in\/blog\/wp-json\/wp\/v2\/posts\/2514","targetHints":{"allow":["GET"]}}],"collection":[{"href":"https:\/\/nalua.in\/blog\/wp-json\/wp\/v2\/posts"}],"about":[{"href":"https:\/\/nalua.in\/blog\/wp-json\/wp\/v2\/types\/post"}],"author":[{"embeddable":true,"href":"https:\/\/nalua.in\/blog\/wp-json\/wp\/v2\/users\/1"}],"replies":[{"embeddable":true,"href":"https:\/\/nalua.in\/blog\/wp-json\/wp\/v2\/comments?post=2514"}],"version-history":[{"count":3,"href":"https:\/\/nalua.in\/blog\/wp-json\/wp\/v2\/posts\/2514\/revisions"}],"predecessor-version":[{"id":164986,"href":"https:\/\/nalua.in\/blog\/wp-json\/wp\/v2\/posts\/2514\/revisions\/164986"}],"wp:attachment":[{"href":"https:\/\/nalua.in\/blog\/wp-json\/wp\/v2\/media?parent=2514"}],"wp:term":[{"taxonomy":"category","embeddable":true,"href":"https:\/\/nalua.in\/blog\/wp-json\/wp\/v2\/categories?post=2514"},{"taxonomy":"post_tag","embeddable":true,"href":"https:\/\/nalua.in\/blog\/wp-json\/wp\/v2\/tags?post=2514"}],"curies":[{"name":"wp","href":"https:\/\/api.w.org\/{rel}","templated":true}]}}