{"id":2485,"date":"2014-11-07T12:05:17","date_gmt":"2014-11-07T12:05:17","guid":{"rendered":"http:\/\/nalu.in\/?p=2485"},"modified":"2014-11-07T12:05:17","modified_gmt":"2014-11-07T12:05:17","slug":"noturno-indiano","status":"publish","type":"post","link":"https:\/\/nalua.in\/blog\/noturno-indiano\/","title":{"rendered":"Noturno Indiano"},"content":{"rendered":"<p><a href=\"http:\/\/nalu.in\/wp-content\/uploads\/2014\/11\/noturno-indiano.jpg\"><img loading=\"lazy\" decoding=\"async\" class=\"alignleft  wp-image-2486\" src=\"http:\/\/nalu.in\/wp-content\/uploads\/2014\/11\/noturno-indiano.jpg\" alt=\"noturno-indiano\" width=\"203\" height=\"286\" srcset=\"https:\/\/nalua.in\/blog\/wp-content\/uploads\/2014\/11\/noturno-indiano.jpg 300w, https:\/\/nalua.in\/blog\/wp-content\/uploads\/2014\/11\/noturno-indiano-213x300.jpg 213w\" sizes=\"auto, (max-width: 203px) 100vw, 203px\" \/><\/a><\/p>\n<p style=\"text-align: justify;\">Que livro massa, que literatura deliciosa! Adorei, al\u00e9m de ser um livro curtinho, ideal pra quando eu estou muito atacada de DDA. \u00c9 t\u00e3o delicado, t\u00e3o interessante. Eu tive a impress\u00e3o de o tempo todo estar dentro de um sonho. Li a edi\u00e7\u00e3o de Portugal.<\/p>\n<p style=\"text-align: justify;\">Em <em>Noturno indiano<\/em>, acompanhamos o narrador que, em busca de um amigo que n\u00e3o v\u00ea h\u00e1 anos, aventura-se numa \u00ed\u008dndia cada vez mais misteriosa e intrigante. Tamb\u00e9m sedutora \u00e9 a pr\u00f3pria narrativa, t\u00e3o bem constru\u00ed\u00adda por esse autor que \u00e9 um dos grandes nomes da literatura\u00c2\u00a0europeia contempor\u00e2nea.<\/p>\n<div>128 p\u00e1ginas<\/div>\n<div>135 x 185 mm<\/div>\n<div>ISBN 9788540502277<br \/>\n0,1200 kg<\/div>\n","protected":false},"excerpt":{"rendered":"<p>Que livro massa, que literatura deliciosa! Adorei, al\u00e9m de ser um livro curtinho, ideal pra quando eu estou muito atacada de DDA. \u00c9 t\u00e3o delicado, t\u00e3o interessante. Eu tive a impress\u00e3o de o tempo todo estar dentro de um sonho. Li a edi\u00e7\u00e3o de Portugal. Em Noturno indiano, acompanhamos o narrador que, em busca de &hellip; <a href=\"https:\/\/nalua.in\/blog\/noturno-indiano\/\" class=\"more-link\">Continuar lendo <span class=\"screen-reader-text\">Noturno Indiano<\/span><\/a><\/p>\n","protected":false},"author":1,"featured_media":0,"comment_status":"open","ping_status":"open","sticky":false,"template":"","format":"standard","meta":{"footnotes":""},"categories":[38,39,42,44],"tags":[],"class_list":["post-2485","post","type-post","status-publish","format-standard","hentry","category-leituras","category-lendo","category-literatura","category-livros"],"_links":{"self":[{"href":"https:\/\/nalua.in\/blog\/wp-json\/wp\/v2\/posts\/2485","targetHints":{"allow":["GET"]}}],"collection":[{"href":"https:\/\/nalua.in\/blog\/wp-json\/wp\/v2\/posts"}],"about":[{"href":"https:\/\/nalua.in\/blog\/wp-json\/wp\/v2\/types\/post"}],"author":[{"embeddable":true,"href":"https:\/\/nalua.in\/blog\/wp-json\/wp\/v2\/users\/1"}],"replies":[{"embeddable":true,"href":"https:\/\/nalua.in\/blog\/wp-json\/wp\/v2\/comments?post=2485"}],"version-history":[{"count":0,"href":"https:\/\/nalua.in\/blog\/wp-json\/wp\/v2\/posts\/2485\/revisions"}],"wp:attachment":[{"href":"https:\/\/nalua.in\/blog\/wp-json\/wp\/v2\/media?parent=2485"}],"wp:term":[{"taxonomy":"category","embeddable":true,"href":"https:\/\/nalua.in\/blog\/wp-json\/wp\/v2\/categories?post=2485"},{"taxonomy":"post_tag","embeddable":true,"href":"https:\/\/nalua.in\/blog\/wp-json\/wp\/v2\/tags?post=2485"}],"curies":[{"name":"wp","href":"https:\/\/api.w.org\/{rel}","templated":true}]}}