{"id":2464,"date":"2014-09-30T11:06:32","date_gmt":"2014-09-30T11:06:32","guid":{"rendered":"http:\/\/nalu.in\/?p=2464"},"modified":"2014-09-30T11:06:32","modified_gmt":"2014-09-30T11:06:32","slug":"setembro-de-2014","status":"publish","type":"post","link":"https:\/\/nalua.in\/blog\/setembro-de-2014\/","title":{"rendered":"Setembro de 2014"},"content":{"rendered":"<h5><img loading=\"lazy\" decoding=\"async\" class=\"alignleft wp-image-2465\" src=\"http:\/\/nalu.in\/wp-content\/uploads\/2014\/10\/gaelsetembro2014-650x1024.jpg\" alt=\"gaelsetembro2014\" width=\"226\" height=\"356\" srcset=\"https:\/\/nalua.in\/blog\/wp-content\/uploads\/2014\/10\/gaelsetembro2014-650x1024.jpg 650w, https:\/\/nalua.in\/blog\/wp-content\/uploads\/2014\/10\/gaelsetembro2014-191x300.jpg 191w, https:\/\/nalua.in\/blog\/wp-content\/uploads\/2014\/10\/gaelsetembro2014-768x1209.jpg 768w, https:\/\/nalua.in\/blog\/wp-content\/uploads\/2014\/10\/gaelsetembro2014.jpg 797w\" sizes=\"auto, (max-width: 226px) 100vw, 226px\" \/>Recheios de Setembro<\/h5>\n<p>&nbsp;<br \/>\n<strong><em>Fui eu que em primavera<\/em><\/strong><br \/>\n<strong><em>S\u00f3 n\u00e3o viu as flores<\/em><\/strong><br \/>\n<strong><em>E o sol<\/em><\/strong><br \/>\n<strong><em>Nas Manh\u00e3s de Setembro.<\/em><\/strong><br \/>\n<strong><em>Vanusa<\/em><\/strong><br \/>\n&#8212;<br \/>\n<strong>Livros<\/strong><\/p>\n<p style=\"text-align: justify;\">Acho que setembro de 2014 foi o m\u00eas que eu mais li na minha vida. E o m\u00eas em que eu li dois livros que entraram pros meus preferidos de todos os tempos (O Pintassilgo e As Velas Ardem At\u00e9 o Fim)<!--more--><\/p>\n<ol>\n<li>A Garota Que voc\u00ea Deixou pra Tr\u00e1s &#8211; \u00c2\u00a0Jojo Moyes<\/li>\n<li>Barriga de Trigo &#8211; \u00c2\u00a0William DAvis<\/li>\n<li>O Grande Gatsby &#8211; F. Scott Fitzgerald<\/li>\n<li>Prosa do Observat\u00f3rio &#8211; Julio Cortazar<\/li>\n<li>As Velas Ardem at\u00e9 o Fim &#8211; S\u00e1ndor Mar\u00e1i<\/li>\n<li>O Pintassilgo &#8211; Donna Tartt<\/li>\n<li>O Ano do Pensamento M\u00e1gico &#8211; Joan Didion<\/li>\n<li>Noites Azuis &#8211; Joan Didion<\/li>\n<li>A Li\u00e7\u00e3o Final &#8211; Randy Pausch<\/li>\n<li>A Tr\u00e9gua &#8211; Mario Benedetti<\/li>\n<li>Crian\u00e7as Francesas N\u00e3o Fazem Manha- Pamela Druckerman<\/li>\n<\/ol>\n<p>&nbsp;<br \/>\n<span style=\"text-decoration: underline;\"><strong>Filmes<\/strong><\/span><\/p>\n<ul>\n<li>T\u00e3o Forte T\u00e3o Perto<\/li>\n<li>O Jardim dos Esquecidos<\/li>\n<li>Hotel Normandy<\/li>\n<li>Hoje eu Quero Voltar Sozinho<\/li>\n<li>Santiago<\/li>\n<li>Guia Culin\u00e1rio do Amor<\/li>\n<li>Uma Verdade Inconveniente<\/li>\n<li>A Mem\u00f3ria que me contam<\/li>\n<\/ul>\n<p><span style=\"text-decoration: underline;\"><strong>S\u00e9ries<\/strong><\/span><\/p>\n<ul>\n<li>Damages &#8211; 3\u00aa Temporada<\/li>\n<\/ul>\n<p><span style=\"text-decoration: underline;\"><strong>Alegrias<\/strong><\/span><\/p>\n<ul>\n<li>Confraria 02\/09<\/li>\n<li>Confraria 19\/09<\/li>\n<li>Tarde com Rada no Pal\u00e1cio<\/li>\n<li>Exposi\u00e7\u00e3o CCUFMG Pensamento Impresso<\/li>\n<li>Bolsinha de croch\u00ea da m\u00e3e, devidamente terminada.<\/li>\n<\/ul>\n<p>&nbsp;<\/p>\n","protected":false},"excerpt":{"rendered":"<p>Recheios de Setembro &nbsp; Fui eu que em primavera S\u00f3 n\u00e3o viu as flores E o sol Nas Manh\u00e3s de Setembro. Vanusa &#8212; Livros Acho que setembro de 2014 foi o m\u00eas que eu mais li na minha vida. E o m\u00eas em que eu li dois livros que entraram pros meus preferidos de todos &hellip; <a href=\"https:\/\/nalua.in\/blog\/setembro-de-2014\/\" class=\"more-link\">Continuar lendo <span class=\"screen-reader-text\">Setembro de 2014<\/span><\/a><\/p>\n","protected":false},"author":1,"featured_media":0,"comment_status":"open","ping_status":"open","sticky":false,"template":"","format":"standard","meta":{"footnotes":""},"categories":[52],"tags":[],"class_list":["post-2464","post","type-post","status-publish","format-standard","hentry","category-mensalinho"],"_links":{"self":[{"href":"https:\/\/nalua.in\/blog\/wp-json\/wp\/v2\/posts\/2464","targetHints":{"allow":["GET"]}}],"collection":[{"href":"https:\/\/nalua.in\/blog\/wp-json\/wp\/v2\/posts"}],"about":[{"href":"https:\/\/nalua.in\/blog\/wp-json\/wp\/v2\/types\/post"}],"author":[{"embeddable":true,"href":"https:\/\/nalua.in\/blog\/wp-json\/wp\/v2\/users\/1"}],"replies":[{"embeddable":true,"href":"https:\/\/nalua.in\/blog\/wp-json\/wp\/v2\/comments?post=2464"}],"version-history":[{"count":0,"href":"https:\/\/nalua.in\/blog\/wp-json\/wp\/v2\/posts\/2464\/revisions"}],"wp:attachment":[{"href":"https:\/\/nalua.in\/blog\/wp-json\/wp\/v2\/media?parent=2464"}],"wp:term":[{"taxonomy":"category","embeddable":true,"href":"https:\/\/nalua.in\/blog\/wp-json\/wp\/v2\/categories?post=2464"},{"taxonomy":"post_tag","embeddable":true,"href":"https:\/\/nalua.in\/blog\/wp-json\/wp\/v2\/tags?post=2464"}],"curies":[{"name":"wp","href":"https:\/\/api.w.org\/{rel}","templated":true}]}}