{"id":245,"date":"2007-08-06T17:49:08","date_gmt":"2007-08-06T20:49:08","guid":{"rendered":"http:\/\/nalu.in\/245"},"modified":"2007-08-06T17:49:08","modified_gmt":"2007-08-06T20:49:08","slug":"semana-da-amamentacao","status":"publish","type":"post","link":"https:\/\/nalua.in\/blog\/semana-da-amamentacao\/","title":{"rendered":"semana da amamenta\u00e7\u00e3o"},"content":{"rendered":"<p style=\"text-align: justify;\"><a href=\"http:\/\/farm2.static.flickr.com\/1194\/898178921_761aebc0a9.jpg\" target=\"_blank\" rel=\"lightbox noopener\"><img loading=\"lazy\" decoding=\"async\" style=\"display: inline; float: left; margin-bottom: 10px; width: 270px; margin-right: 10px; height: 350px; border: #000000 0px solid;\" title=\"eu e Tat\u00e1\" src=\"http:\/\/farm2.static.flickr.com\/1194\/898178921_761aebc0a9.jpg\" alt=\"eu e Tat\u00e1\" width=\"270\" height=\"350\" \/><\/a>Esse \u00e9 um post de participa\u00e7\u00e3o da <a href=\"http:\/\/www.sindromedeestocolmo.com\/archives\/2007\/08\/blogagem_coletiva_da_semana_mundial_da_amamentacao.html\" target=\"_blank\" rel=\"noopener\">blogagem coletiva da Semana da Amamenta\u00e7\u00e3o<\/a>. Toda vez que penso neste assunto, sinto dor. At\u00e9 hoje, passados quase quatro anos ainda \u00e9 um assunto doloroso pra mim n\u00e3o ter podido amamentar como eu queria. E acho que eu errei num lado muito b\u00e1sico, pois depois ouvi muitas m\u00e3es falarem que passaram pelo mesmo problema.<\/p>\n<p style=\"text-align: justify;\">A gente se prepara para o nascimento, para o parto e tudo mas n\u00e3o se prepara para amamentar. Na minha cabe\u00e7a amamentar era algo t\u00e3o simples, bastava querer amamentar e pronto! Eu me esqueci que n\u00e3o fui amamentada nem meus irm\u00e3os. que minha irm\u00e3 tamb\u00e9m n\u00e3o amamentou suas filhas e nem pensei em questionar porque.<\/p>\n<p style=\"text-align: justify;\">E na minha vez, pimba!, claro que foi problem\u00e1tico. Eu me lembro de na \u00e9poca ter escrito um texto sobre os motivos que me impediram e mandei at\u00e9 para uma lista de discuss\u00e3o. Ano passado falei sobre essa dificuldade, <a href=\"http:\/\/nalu.in\/64\" target=\"_blank\" rel=\"noopener\">nesse post<\/a> e sobre como \u00e9 importante pedir ajuda. Esse ano, resolvi transcrever um texto muito bom que li sobre a ambival\u00eancia que pode estar contida na amamenta\u00e7\u00e3o, sobre o quanto isso \u00e9 normal e como as m\u00e3es passam por isso todos os dias nesse processo. Espero que ajude.<\/p>\n<p style=\"text-align: justify;\">O livro do qual tirei esse texto \u00e9 todo muito bom, vale a pena ler, \u00e9 um livro com uma linguagem simples, direta, e desmistifica muita coisa na amamenta\u00e7\u00e3o. Recomendo muito pra quem se interesse. E obviamente, o <a href=\"http:\/\/www.sindromedeestocolmo.com\/\" target=\"_blank\" rel=\"noopener\">blog da Denise<\/a>, o \u00f3timo <a href=\"http:\/\/www.sindromedeestocolmo.com\/\" target=\"_blank\" rel=\"noopener\">Sindrome de Estocolmo<\/a> \u00e9 uma refer\u00eancia no assunto. L\u00e1 voc\u00ea vai encontrar muita informa\u00e7\u00e3o, muitos links, refer\u00eancias, e uma vis\u00e3o muito interessante sobre a amamenta\u00e7\u00e3o. A autora do blog \u00e9 uma especialista em amamenta\u00e7\u00e3o, al\u00e9m de uma pessoa muito interessante e uma expert nesse assunto. Vale a visita.<\/p>\n<p style=\"text-align: justify;\">Abaixo segue o texto.<\/p>\n<p style=\"text-align: center;\">&#8212;&#8212;&#8212;&#8212;&#8212;&#8212;&#8211;oOo&#8212;&#8212;&#8212;&#8212;&#8212;&#8212;&#8211;<\/p>\n<p>&nbsp;<\/p>\n<p style=\"text-align: center;\"><span style=\"font-size: 20px;\"><strong><span style=\"font-size: 20px;\"><strong>Ambival\u00eancia<\/strong><\/span><\/strong><\/span><\/p>\n<p style=\"text-align: right;\"><em>Adolfo Paulo Bicalho Lana<\/em><\/p>\n<p style=\"text-align: justify;\">\n<img loading=\"lazy\" decoding=\"async\" class=\"alignright size-full wp-image-2375\" src=\"http:\/\/nalu.in\/wp-content\/uploads\/2007\/08\/TAR444002.jpg\" alt=\"TAR444002\" width=\"266\" height=\"195\" \/>O fen\u00f4meno b\u00e1sico da amamenta\u00e7\u00e3o \u00e9 a ambival\u00eancia, isto \u00e9, conflitos, sentimentos opostos em rela\u00e7\u00e3o \u00ed\u00a0 amamenta\u00e7\u00e3o, o querer e o n\u00e3o querer amamentar. Os conflitos surgem em situa\u00e7\u00f5es em que duas ou mais necessidades incompat\u00ed\u00adveis concorrem e fazem com que a m\u00e3e se sinta puxada simultaneamente para dire-\u00e7\u00f5es diferentes. Ela reconhece as vantagens da amamenta\u00e7\u00e3o, e por isto quer amamentar. Mas isto exige dela obriga\u00e7\u00f5es, compromissos e mudan\u00e7as profundas no seu modo de viver, e por isto reluta. A ambival\u00eancia aparece, pois h\u00e1 grandes perspectivas de mudan\u00e7as, o que certamente vai envolver perdas e ganhos.<\/p>\n<p style=\"text-align: justify;\">A amamenta\u00e7\u00e3o tem momentos agrad\u00e1veis e desagrad\u00e1veis. O contato estreito com o beb\u00e9 pode ser muito bom para o beb\u00e9 e tamb\u00e9m para a m\u00e3e. Mas para a m\u00e3e a amamenta\u00e7\u00e3o n\u00e3o \u00e9 s\u00f3 prazer. Envolve cansa\u00e7o, tolhe a liberdade e dificulta o lazer e a profiss\u00e3o. Por isto, ela oscila entre o sim e o n\u00e3o.<\/p>\n<p style=\"text-align: justify;\">O sentimento \u00e9 ambivalente n\u00e3o s\u00f3 quanto \u00ed\u00a0 amamenta\u00e7\u00e3o mas tamb\u00e9m em rela\u00e7\u00e3o ao beb\u00e9 de um modo geral. Afeto e hostilidade alternam-se frequentemente, aumentando o sofrimento da m\u00e3e, que s\u00f3 aceita ter sentimentos positivos em rela\u00e7\u00e3o ao beb\u00e9. Em rela\u00e7\u00e3o \u00ed\u00a0s visitas, tamb\u00e9m \u00e9 ambivalente, pois gosta das homenagens recebidas, mas ao mesmo tempo quer estar longe do tumulto causado por elas.<br \/>\nH\u00e1 conflito ainda por querer se ocupar unicamente da crian\u00e7a, que necessita de cuidados e aten\u00e7\u00e3o a todo o momento, e por desejar tamb\u00e9m cuidar um pouco de si mesma, do seu marido, dos outros filhos, da sua profiss\u00e3o.<\/p>\n<p style=\"text-align: justify;\">A m\u00e3e aceita relativamente bem as modifica\u00e7\u00f5es de seu corpo na gravidez, mas ap\u00f3s o parto tem uma pressa enorme de se livrar daquela cintura volumosa, do quadril largo, do abdome protruso, da barriga fl\u00e1cida. As mudan\u00e7as da imagem corporal durante a gravidez podem evocar sentimentos negativos, os quais s\u00e3o muito intensificados no p\u00f3s-parto, passando a m\u00e3e a querer livrar-se imediatamente deste corpo e retornar ao anterior \u00ed\u00a0 gravidez. Apesar de saber que se estiver amamentando a crian\u00e7a &#8220;devorar\u00e1&#8221; seu excesso de peso e que mesmo sem diminuir a quantidade habitual de alimentos emagrecer\u00e1, ela entra em conflito, pois est\u00e1 acostumada a associar a ideia de emagrecer a comer pouco e sabe que durante a amamenta\u00e7\u00e3o n\u00e3o dever\u00e1 fazer dieta.<\/p>\n<p style=\"text-align: justify;\">A mama \u00e9 vista mais como um \u00f3rg\u00e3o sexual do que como um \u00f3rg\u00e3o destinado \u00ed\u00a0 amamenta\u00e7\u00e3o. A m\u00e3e tem dificuldade de associar estas duas fun\u00e7\u00f5es, instalando-se a ambival\u00eancia. H\u00e1 conflito tamb\u00e9m em rela\u00e7\u00e3o ao tamanho da mama: permanecer\u00e1 grande se amamentar; se n\u00e3o amamentar, retornar\u00e1 ao tamanho anterior.<\/p>\n<p style=\"text-align: justify;\">A m\u00e3e, que no final da gravidez limitava suas sa\u00ed\u00addas, agora quer se sentir solta, livre. E a amamenta\u00e7\u00e3o \u00e9 um compromisso que a prende. Sabe da import\u00e2ncia da amamenta\u00e7\u00e3o, mas precisa respirar outros ares, sair, passear. Pode at\u00e9 saber que a situa\u00e7\u00e3o \u00e9 tempor\u00e1ria, que l\u00e1 pelo segundo m\u00eas de vida as mamadas costumam ter um intervalo de at\u00e9 tr\u00eas horas ou mais, que pode ordenhar seu leite antecipadamente, que este leite pode ser dado ao beb\u00e9 na sua aus\u00eancia e que poder\u00e1 ficar fora durante muitas horas, mas \u00e9 tomada de uma urg\u00eancia em solucionar este impedimento. O conflito \u00e9 permanente. A m\u00e3e oscila tamb\u00e9m entre uma alegria imensa por ter tido um filho que quer acima de tudo e um sentimento de medo de ser superexigida por ele ou um sentimento de raiva por estar sendo superexigida. Oscila entre sentimentos de intensa saudade do bebe quando se ausenta dele por algum tempo e de impaci\u00eancia e irrita\u00e7\u00e3o por causa das demandas constantes dele.<\/p>\n<p style=\"text-align: justify;\">A ambival\u00eancia, \u00ed\u00a0s vezes, mostra-se pela falta de prepara\u00e7\u00e3o da m\u00e3e para com os cuidados que a crian\u00e7a necessita, inclusive no que diz respeito \u00ed\u00a0 amamenta\u00e7\u00e3o, como express\u00e3o de uma rejei\u00e7\u00e3o inconsciente.<\/p>\n<p style=\"text-align: justify;\">Se o leite acaba ou h\u00e1 qualquer impedimento para a amamenta\u00e7\u00e3o, a m\u00e3e pode reagir com um misto de frustra\u00e7\u00e3o e al\u00ed\u00advio, o que \u00e9 t\u00ed\u00adpico da ambival\u00eancia.<\/p>\n<p style=\"text-align: justify;\">Esses sentimentos conflitantes geram ansiedade e culpa, e isto pode dificultar o bom andamento da amamenta\u00e7\u00e3o. Se a m\u00e3e sentir-se bem consigo mesma, haver\u00e1 harmonia e tranquilidade na rela\u00e7\u00e3o m\u00e3e-filho. Da\u00ed\u00ad ser imprescind\u00ed\u00advel informar \u00ed\u00a0 m\u00e3e que ela poder\u00e1 ser tomada por estes sentimentos e que \u00e9 natural que eles existam, e que s\u00e3o compartilhados, em maior ou menor grau, por todas as m\u00e3es.<br \/>\n\u00c9 totalmente compreens\u00ed\u00advel que a m\u00e3e sinta um n\u00f3 na garganta, uma saudade da vida de antes em que n\u00e3o havia um beb\u00e9 chorando durante a noite ou querendo mamar a todo instante, precisando de tantos cuidados que ela n\u00e3o sabe se \u00e9 capaz de patrocinar.<\/p>\n<p>&nbsp;<\/p>\n<p style=\"text-align: justify;\">Extra\u00ed\u00addo de: &#8220;<a href=\"http:\/\/livros.blog.com\/1987793\/\" target=\"_blank\" rel=\"noopener\">O Livro de Est\u00ed\u00admulo \u00ed\u00a0 Amamenta\u00e7\u00e3o<\/a>&#8221; de Adolfo Paulo Bicalho Lana, Editora Atheneu<\/p>\n<p>&nbsp;<\/p>\n","protected":false},"excerpt":{"rendered":"<p>Esse \u00e9 um post de participa\u00e7\u00e3o da blogagem coletiva da Semana da Amamenta\u00e7\u00e3o. Toda vez que penso neste assunto, sinto dor. At\u00e9 hoje, passados quase quatro anos ainda \u00e9 um assunto doloroso pra mim n\u00e3o ter podido amamentar como eu queria. E acho que eu errei num lado muito b\u00e1sico, pois depois ouvi muitas m\u00e3es &hellip; <a href=\"https:\/\/nalua.in\/blog\/semana-da-amamentacao\/\" class=\"more-link\">Continuar lendo <span class=\"screen-reader-text\">semana da amamenta\u00e7\u00e3o<\/span><\/a><\/p>\n","protected":false},"author":1,"featured_media":0,"comment_status":"open","ping_status":"open","sticky":false,"template":"","format":"standard","meta":{"footnotes":""},"categories":[25],"tags":[],"class_list":["post-245","post","type-post","status-publish","format-standard","hentry","category-feminino"],"_links":{"self":[{"href":"https:\/\/nalua.in\/blog\/wp-json\/wp\/v2\/posts\/245","targetHints":{"allow":["GET"]}}],"collection":[{"href":"https:\/\/nalua.in\/blog\/wp-json\/wp\/v2\/posts"}],"about":[{"href":"https:\/\/nalua.in\/blog\/wp-json\/wp\/v2\/types\/post"}],"author":[{"embeddable":true,"href":"https:\/\/nalua.in\/blog\/wp-json\/wp\/v2\/users\/1"}],"replies":[{"embeddable":true,"href":"https:\/\/nalua.in\/blog\/wp-json\/wp\/v2\/comments?post=245"}],"version-history":[{"count":0,"href":"https:\/\/nalua.in\/blog\/wp-json\/wp\/v2\/posts\/245\/revisions"}],"wp:attachment":[{"href":"https:\/\/nalua.in\/blog\/wp-json\/wp\/v2\/media?parent=245"}],"wp:term":[{"taxonomy":"category","embeddable":true,"href":"https:\/\/nalua.in\/blog\/wp-json\/wp\/v2\/categories?post=245"},{"taxonomy":"post_tag","embeddable":true,"href":"https:\/\/nalua.in\/blog\/wp-json\/wp\/v2\/tags?post=245"}],"curies":[{"name":"wp","href":"https:\/\/api.w.org\/{rel}","templated":true}]}}