{"id":243,"date":"2007-07-25T09:01:51","date_gmt":"2007-07-25T12:01:51","guid":{"rendered":"http:\/\/nalu.in\/243"},"modified":"2007-07-25T09:01:51","modified_gmt":"2007-07-25T12:01:51","slug":"dia-fora-do-tempo","status":"publish","type":"post","link":"https:\/\/nalua.in\/blog\/dia-fora-do-tempo\/","title":{"rendered":"dia fora do tempo"},"content":{"rendered":"<p style=\"text-align: right;\"><span style=\"font-family: Arial;\"><strong><br \/>\n<a href=\"http:\/\/nalu.in\/wp-content\/uploads\/2007\/07\/diaforatempo.jpg\"><img loading=\"lazy\" decoding=\"async\" class=\"alignright size-full wp-image-2349\" src=\"http:\/\/nalu.in\/wp-content\/uploads\/2007\/07\/diaforatempo.jpg\" alt=\"diaforatempo\" width=\"225\" height=\"225\" srcset=\"https:\/\/nalua.in\/blog\/wp-content\/uploads\/2007\/07\/diaforatempo.jpg 225w, https:\/\/nalua.in\/blog\/wp-content\/uploads\/2007\/07\/diaforatempo-150x150.jpg 150w\" sizes=\"auto, (max-width: 225px) 100vw, 225px\" \/><\/a>O Dia fora do Tempo<\/strong><\/span><\/p>\n<p style=\"text-align: right;\"><span style=\"font-size: 12px; font-family: Arial;\"><em>Rita Barreto<\/em><\/span><\/p>\n<p style=\"text-align: justify;\"><span style=\"font-family: Arial;\"><br \/>\nOs Maia consideram <strong>25 de julho<\/strong>, dia fora do tempo, como uma grande oportunidade de<\/span> <span style=\"font-family: Arial;\"><strong>reciclar, recome\u00e7ar, recarregar as energias, liberar o que j\u00e1 n\u00e3o \u00e9 mais preciso, agradecer por tudo que foi recebido no per\u00ed\u00adodo anterior em todos os aspectos.<\/strong> Agradecendo inclusive mesmo os momentos aparentemente ruins ou dram\u00e1ticos, pois ter\u00e3o sido importantes aspectos de nosso aprendizado e evolu\u00e7\u00e3o como seres humanos cuja ess\u00eancia \u00e9 espiritual. Nesse dia que manifesta uma <strong>maior conex\u00e3o com a Ess\u00eancia Geradora,<\/strong> os antigos Maias reservavam muito<\/span> <span style=\"font-family: Arial;\"><strong>tempo para orar, meditar e receber a orienta\u00e7\u00e3o interior quanto aos pr\u00f3ximos passos a serem dados no Caminho em dire\u00e7\u00e3o a evolu\u00e7\u00e3o espiritual.<\/strong><br \/>\nNo dia <strong>26 de Julho<\/strong> recome\u00e7a um<\/span> <span style=\"font-family: Arial;\"><strong>novo ciclo com o nascimento astron\u00f4mico de Sirius,<\/strong> que se eleva no horizonte junto com o Sol, trazendo uma<\/span> <span style=\"font-family: Arial;\"><strong>energia de limpeza e purifica\u00e7\u00e3o interior, trabalhando sutilmente nossos corpos sutis, principalmente o emocional.<br \/>\n<\/strong> O novo ciclo ser\u00e1 <strong>regido pela Lua<\/strong> (Lua Planet\u00e1ria Vermelha)<\/span> <span style=\"font-family: Arial;\"><strong>estimulando a necessidade de limpar casa, relacionamentos, pensamentos, medos, culpas, tristezas, m\u00e1goas; enfim, largando de vez &#8216;aquela mala sem al\u00e7a&#8217;, \u00e9 o ano prop\u00ed\u00adcio para a cura emocional e de atitudes e a reciclagem de costumes e valores a favor do amor, a comunh\u00e3o e o belo.<\/strong><\/span><\/p>\n<p><strong>Feliz fim de ano e inicio de novo ano!<br \/>\n<\/strong><\/p>\n<p style=\"text-align: justify;\"><span style=\"font-family: Arial;\">Alegria!<\/span><\/p>\n<p><span style=\"font-family: Arial;\">Quem quiser obter mais informa\u00e7\u00f5es ou encomendar o Calend\u00e1rio,<br \/>\npode entrar nos <\/span><span class=\"SpellE\">sites<\/span>: www.calendariodapaz.com.br <span style=\"font-family: Arial;\">ou<\/span> www.calendariomaia.com.br<span style=\"font-family: Arial;\">.<\/span><\/p>\n","protected":false},"excerpt":{"rendered":"<p>O Dia fora do Tempo Rita Barreto Os Maia consideram 25 de julho, dia fora do tempo, como uma grande oportunidade de reciclar, recome\u00e7ar, recarregar as energias, liberar o que j\u00e1 n\u00e3o \u00e9 mais preciso, agradecer por tudo que foi recebido no per\u00ed\u00adodo anterior em todos os aspectos. Agradecendo inclusive mesmo os momentos aparentemente ruins &hellip; <a href=\"https:\/\/nalua.in\/blog\/dia-fora-do-tempo\/\" class=\"more-link\">Continuar lendo <span class=\"screen-reader-text\">dia fora do tempo<\/span><\/a><\/p>\n","protected":false},"author":1,"featured_media":0,"comment_status":"open","ping_status":"open","sticky":false,"template":"","format":"standard","meta":{"footnotes":""},"categories":[88,22],"tags":[],"class_list":["post-243","post","type-post","status-publish","format-standard","hentry","category-astrologia","category-esoterismo"],"_links":{"self":[{"href":"https:\/\/nalua.in\/blog\/wp-json\/wp\/v2\/posts\/243","targetHints":{"allow":["GET"]}}],"collection":[{"href":"https:\/\/nalua.in\/blog\/wp-json\/wp\/v2\/posts"}],"about":[{"href":"https:\/\/nalua.in\/blog\/wp-json\/wp\/v2\/types\/post"}],"author":[{"embeddable":true,"href":"https:\/\/nalua.in\/blog\/wp-json\/wp\/v2\/users\/1"}],"replies":[{"embeddable":true,"href":"https:\/\/nalua.in\/blog\/wp-json\/wp\/v2\/comments?post=243"}],"version-history":[{"count":0,"href":"https:\/\/nalua.in\/blog\/wp-json\/wp\/v2\/posts\/243\/revisions"}],"wp:attachment":[{"href":"https:\/\/nalua.in\/blog\/wp-json\/wp\/v2\/media?parent=243"}],"wp:term":[{"taxonomy":"category","embeddable":true,"href":"https:\/\/nalua.in\/blog\/wp-json\/wp\/v2\/categories?post=243"},{"taxonomy":"post_tag","embeddable":true,"href":"https:\/\/nalua.in\/blog\/wp-json\/wp\/v2\/tags?post=243"}],"curies":[{"name":"wp","href":"https:\/\/api.w.org\/{rel}","templated":true}]}}