{"id":2416,"date":"2012-10-01T23:14:24","date_gmt":"2012-10-01T23:14:24","guid":{"rendered":"http:\/\/nalu.in\/?p=2416"},"modified":"2012-10-01T23:14:24","modified_gmt":"2012-10-01T23:14:24","slug":"de-amor-e-trevas","status":"publish","type":"post","link":"https:\/\/nalua.in\/blog\/de-amor-e-trevas\/","title":{"rendered":"De Amor e Trevas"},"content":{"rendered":"<p><a href=\"http:\/\/nalu.in\/wp-content\/uploads\/2014\/10\/81k7JJ9SA9L._SL1500_.jpg\"><img loading=\"lazy\" decoding=\"async\" class=\"alignright  wp-image-2417\" src=\"http:\/\/nalu.in\/wp-content\/uploads\/2014\/10\/81k7JJ9SA9L._SL1500_-716x1024.jpg\" alt=\"81k7JJ9SA9L._SL1500_\" width=\"185\" height=\"264\" srcset=\"https:\/\/nalua.in\/blog\/wp-content\/uploads\/2014\/10\/81k7JJ9SA9L._SL1500_-716x1024.jpg 716w, https:\/\/nalua.in\/blog\/wp-content\/uploads\/2014\/10\/81k7JJ9SA9L._SL1500_-210x300.jpg 210w, https:\/\/nalua.in\/blog\/wp-content\/uploads\/2014\/10\/81k7JJ9SA9L._SL1500_-768x1098.jpg 768w, https:\/\/nalua.in\/blog\/wp-content\/uploads\/2014\/10\/81k7JJ9SA9L._SL1500_.jpg 1049w\" sizes=\"auto, (max-width: 185px) 100vw, 185px\" \/><\/a><strong>De Amor e Trevas &#8211; Am\u00f3s Oz<\/strong><\/p>\n<p style=\"text-align: justify;\">Entre a autobiografia e o romance, De amor e trevas \u00e9 a extraordin\u00e1ria recria\u00e7\u00e3o dos caminhos percorridos por Israel no s\u00e9culo XX, da di\u00e1spora \u00ed\u00a0 funda\u00e7\u00e3o de uma na\u00e7\u00e3o e de uma l\u00ed\u00adngua: o hebraico moderno. \u00c9 tamb\u00e9m uma reflex\u00e3o sobre a hist\u00f3ria do sionismo e a cria\u00e7\u00e3o de Israel como necessidade hist\u00f3rica de um povo confrontado com a amea\u00e7a de extin\u00e7\u00e3o.<br \/>\nGanhador do Pr\u00eamio France Culture de 2004 e do Pr\u00eamio Goethe do mesmo ano, o livro extrai sua grandeza da simplicidade de um gesto narrativo que faz do olhar de um menino o fio condutor de uma hist\u00f3ria vigorosa e bela da constitui\u00e7\u00e3o da identidade de um garoto e uma na\u00e7\u00e3o. Essa conflu\u00eancia \u00e9 sintetizada em cenas que marcaram a mem\u00f3ria do escritor, como a da multid\u00e3o que ouve pelo r\u00e1dio, numa pra\u00e7a de Jerusal\u00e9m, a vota\u00e7\u00e3o da ONU que determinou a cria\u00e7\u00e3o do Estado de Israel &#8211; cenas que se imprimem na mente do leitor com uma not\u00e1vel for\u00e7a narrativa.<\/p>\n<p style=\"text-align: justify;\"><!--more--><br \/>\nConfrontado com o suic\u00ed\u00addio da m\u00e3e aos doze anos, tr\u00eas anos depois Oz declara sua independ\u00eancia e volta as costas para o mundo em que crescera a fim de assumir uma nova identidade num novo lugar: o kibutz Hulda, na fronteira com o mundo \u00e1rabe.<\/p>\n<p style=\"text-align: justify;\">&#8220;Provavelmente a obra liter\u00e1ria mais vendida na hist\u00f3ria de Israel [&#8230;]. \u00c9 um dos livros mais engra\u00e7ados, tr\u00e1gicos e comoventes que j\u00e1 li.&#8221; &#8211; Linda Grant, The Guardian<\/p>\n<div class=\"fichatec_1\">T\u00ed\u00adtulo original<br \/>\n<span class=\"fichatec_2\">A TALE OF LOVE AND DARKNESS<\/span><\/div>\n<div class=\"fichatec_1\">Tradu\u00e7\u00e3o<br \/>\n<span class=\"fichatec_2\"><a href=\"http:\/\/www.companhiadasletras.com.br\/autor.php?codigo=01052\">Milton Lando<\/a><\/span><\/div>\n<div class=\"fichatec_1\">Capa<br \/>\n<a href=\"http:\/\/www.companhiadasletras.com.br\/autor.php?codigo=02179\">Raul Loureiro<\/a><\/div>\n<div class=\"fichatec_1\">P\u00e1ginas<br \/>\n<span class=\"fichatec_2\">624<\/span><\/div>\n<div class=\"fichatec_1\">Formato<br \/>\n<span class=\"fichatec_2\">16.00 x 23.00 cm<\/span><\/div>\n<div class=\"fichatec_1\">Peso<br \/>\n<span class=\"fichatec_2\">0.83500 kg<\/span><\/div>\n<div class=\"fichatec_1\">Acabamento<br \/>\n<span class=\"fichatec_2\">Capa flex\u00ed\u00advel<\/span><\/div>\n<div class=\"fichatec_1\">Lan\u00e7amento<br \/>\n<span class=\"fichatec_2\">19\/05\/2005<\/span><\/div>\n<div class=\"fichatec_1\">ISBN<br \/>\n<span class=\"fichatec_2\">9788535906479<\/span><\/div>\n<div class=\"fichatec_1\">Selo<br \/>\n<span class=\"fichatec_2\">Companhia das Letras<\/span><\/div>\n","protected":false},"excerpt":{"rendered":"<p>De Amor e Trevas &#8211; Am\u00f3s Oz Entre a autobiografia e o romance, De amor e trevas \u00e9 a extraordin\u00e1ria recria\u00e7\u00e3o dos caminhos percorridos por Israel no s\u00e9culo XX, da di\u00e1spora \u00ed\u00a0 funda\u00e7\u00e3o de uma na\u00e7\u00e3o e de uma l\u00ed\u00adngua: o hebraico moderno. \u00c9 tamb\u00e9m uma reflex\u00e3o sobre a hist\u00f3ria do sionismo e a cria\u00e7\u00e3o &hellip; <a href=\"https:\/\/nalua.in\/blog\/de-amor-e-trevas\/\" class=\"more-link\">Continuar lendo <span class=\"screen-reader-text\">De Amor e Trevas<\/span><\/a><\/p>\n","protected":false},"author":1,"featured_media":0,"comment_status":"open","ping_status":"open","sticky":false,"template":"","format":"standard","meta":{"footnotes":""},"categories":[13,38,44],"tags":[],"class_list":["post-2416","post","type-post","status-publish","format-standard","hentry","category-biografia","category-leituras","category-livros"],"_links":{"self":[{"href":"https:\/\/nalua.in\/blog\/wp-json\/wp\/v2\/posts\/2416","targetHints":{"allow":["GET"]}}],"collection":[{"href":"https:\/\/nalua.in\/blog\/wp-json\/wp\/v2\/posts"}],"about":[{"href":"https:\/\/nalua.in\/blog\/wp-json\/wp\/v2\/types\/post"}],"author":[{"embeddable":true,"href":"https:\/\/nalua.in\/blog\/wp-json\/wp\/v2\/users\/1"}],"replies":[{"embeddable":true,"href":"https:\/\/nalua.in\/blog\/wp-json\/wp\/v2\/comments?post=2416"}],"version-history":[{"count":0,"href":"https:\/\/nalua.in\/blog\/wp-json\/wp\/v2\/posts\/2416\/revisions"}],"wp:attachment":[{"href":"https:\/\/nalua.in\/blog\/wp-json\/wp\/v2\/media?parent=2416"}],"wp:term":[{"taxonomy":"category","embeddable":true,"href":"https:\/\/nalua.in\/blog\/wp-json\/wp\/v2\/categories?post=2416"},{"taxonomy":"post_tag","embeddable":true,"href":"https:\/\/nalua.in\/blog\/wp-json\/wp\/v2\/tags?post=2416"}],"curies":[{"name":"wp","href":"https:\/\/api.w.org\/{rel}","templated":true}]}}