{"id":2412,"date":"2012-11-28T13:08:10","date_gmt":"2012-11-28T13:08:10","guid":{"rendered":"http:\/\/nalu.in\/?p=2412"},"modified":"2012-11-28T13:08:10","modified_gmt":"2012-11-28T13:08:10","slug":"cronica-do-passaro","status":"publish","type":"post","link":"https:\/\/nalua.in\/blog\/cronica-do-passaro\/","title":{"rendered":"Cr\u00f3nica do P\u00e1ssaro de Corda"},"content":{"rendered":"<div id=\"fich_prod_topo\">\n<div id=\"fich_prod_topo_left\">\n<div id=\"img_plus_info\">\n<div id=\"fich_prod_topo_img\"><\/div>\n<div id=\"fich_prod_topo_info\">\n<div id=\"fich_prod_disp\" style=\"text-align: justify;\"><a href=\"http:\/\/nalu.in\/wp-content\/uploads\/2014\/10\/cronicapassarocorda.jpg\"><img loading=\"lazy\" decoding=\"async\" class=\"wp-image-2414 alignleft\" src=\"http:\/\/nalu.in\/wp-content\/uploads\/2014\/10\/cronicapassarocorda.jpg\" alt=\"cronicapassarocorda\" width=\"248\" height=\"381\" srcset=\"https:\/\/nalua.in\/blog\/wp-content\/uploads\/2014\/10\/cronicapassarocorda.jpg 400w, https:\/\/nalua.in\/blog\/wp-content\/uploads\/2014\/10\/cronicapassarocorda-195x300.jpg 195w\" sizes=\"auto, (max-width: 248px) 100vw, 248px\" \/><\/a><strong>Cr\u00f3nica do P\u00e1ssaro de Corda &#8211; de <a id=\"nomeAutorLink\" href=\"http:\/\/www.wook.pt\/authors\/detail\/id\/28642\">Haruki Murakami<\/a><\/strong><\/div>\n<div style=\"text-align: justify;\">Esse livro n\u00e3o foi publicado no Brasil. E (pelo menos at\u00e9 2012) n\u00e3o tinha sa\u00ed\u00addo em ebook. Ent\u00e3o uma amiga querida ia pra Portugal e eu fiz o que n\u00e3o fa\u00e7o nunca: pedi pra ela trazer pra mim. O que, l\u00f3gico, foi um decabeceamento, porque o livro \u00e9 um tijol\u00e3o.<\/div>\n<div style=\"text-align: justify;\"><\/div>\n<div style=\"text-align: justify;\">Ele veio, eu li, devorei, na verdade, e ainda por cima digitalizei. Adorei, gostava eu muito do Murakami. (N\u00e3o que eu n\u00e3o goste, mas n\u00e3o ando numa fase prop\u00ed\u00adcia)<\/div>\n<\/div>\n<\/div>\n<\/div>\n<div id=\"fich_prod_topo_right\" style=\"text-align: justify;\"><\/div>\n<\/div>\n<div id=\"tabber_produto\">\n<div id=\"tabs_ficha\" class=\"tabberlive\">\n<div class=\"tabbertab \" title=\"\">\n<div id=\"sinopse\" style=\"text-align: justify;\"><strong>Sinopse:<\/strong><\/div>\n<div id=\"sinopseDescr\" style=\"text-align: justify;\"><b>A obra-prima do maior escritor de culto da actualidade<\/b><br \/>\n<!--more--><\/p>\n<p style=\"text-align: justify;\">Toru Okada, um jovem japon\u00eas que vive na mais completa normalidade, v\u00ea a sua vida transformada ap\u00f3s o telefonema an\u00f3nimo de uma mulher. Come\u00e7am a aparecer personagens cada vez mais estranhas em seu redor e o real vai degradando-se at\u00e9 se transformar em algo fantasmag\u00f3rico. A percep\u00e7\u00e3o do mundo torna-se m\u00e1gica, os sonhos invadem a realidade e, pouco a pouco, Toru sente-se impelido a resolver os conflitos que carregou durante toda a sua vida.<br \/>\nEste livro conta com uma galeria de personagens t\u00e3o surpreendentes como profundamente aut\u00eanticas e, quase por magia, o mundo quotidiano do Jap\u00e3o moderno aparece-nos como algo estranhamente familiar.<br \/>\n<i>Cr\u00f3nica do P\u00e1ssaro de Corda<\/i>, ao qual foi atribu\u00ed\u00addo o Pr\u00e9mio Yomiuri, \u00e9 considerado, por muitos, a obra-prima de Murakami.<\/p>\n<div id=\"fich_prod_topo\">\n<div id=\"fich_prod_topo_right\">\n<div>\u00c2\u00a0Edi\u00e7\u00e3o\/reimpress\u00e3o: <b>2006<\/b><\/div>\n<div id=\"fich_prod_paginas\">P\u00e1ginas:<b> 628<\/b><\/div>\n<div id=\"fich_prod_editor\">Editor:<b> Casa das Letras<\/b><\/div>\n<div id=\"fich_prod_editor\">ISBN: <b>9789724616926<\/b><\/div>\n<div id=\"coleccao\">Cole\u00e7\u00e3o: <a id=\"coleccaoProdutoLink\" href=\"http:\/\/www.wook.pt\/product\/search\/restricts\/\/facetcode\/temas\/tipo\/2\/nome\/Fic%C3%A7%C3%A3o%20Estrangeira\/restrictsinc\/5361\/facetcodeinc\/coleccao\">Fic\u00e7\u00e3o Estrangeira<\/a><\/div>\n<\/div>\n<div id=\"fich_prod_comments\">23,90\u00e2\u201a\u00ac<\/div>\n<div><\/div>\n<\/div>\n<\/div>\n<div id=\"criticasEmpresa\">Cr\u00ed\u00adticas de imprensa<\/div>\n<div id=\"criticasEmpresaDescr\">\u00c2\u00abUma reduzida galeria de personagens que t\u00eam em comum o mist\u00e9rio, procura desvendar uma densa trama de contornos bizarros, onde o oculto e o simb\u00f3lico assumem um papel preponderante (&#8230;) O autor, como \u00e9 seu apan\u00e1gio, mistura realidade e fantasia, fundindo o muro que as separa. O recurso met\u00f3dica a mem\u00f3rias, sonhos e disserta\u00e7\u00f5es filos\u00f3ficas promove o efeito, que se baseia ainda no conceito de \u00c2\u00abesp\u00ed\u00adrito vivo\u00c2\u00bb (j\u00e1 presente noutras obras), ou seja, a capacidade do esp\u00ed\u00adrito abandonar o corpo e vaguear livre noutras dimens\u00f5es. Isto \u00e9 poss\u00ed\u00advel atrav\u00e9s da premissa de que o real \u00e9 constitu\u00ed\u00addo por v\u00e1rias camadas, sendo poss\u00ed\u00advel a alguns penetrar nas mais profundas e obscuras. Como bonecos de corda, as personagens trilham destinos pr\u00e9-definidos buscando um sentido para tal, ao ritmo de um p\u00e1ssaro de corda construtor do tempo e do espa\u00e7o.\u00c2\u00bb<br \/>\nM\u00f3nica Maia\u00c2\u00abRespirando jazz, divertido e melanc\u00f3lico, Murakami \u00e9 inteiramente um escritor do Jap\u00e3o moderno, nost\u00e1lgico e de um idealismo em extin\u00e7\u00e3o.\u00c2\u00bb<br \/>\n<i>The Washington Post <\/i>\u00c2\u00abMurakami \u00e9 um escritor misterioso e absorvente.\u00c2\u00bb<br \/>\nTereza Coelho, <i>Os Meus Livros <\/i><br \/>\n\u00c2\u00abMurakami entrela\u00e7a as diferentes camadas de realidade que d\u00e3o forma \u00ed\u00a0 sua prosa, criando uma obra com a textura da seda, pontuada de reflexos de uma beleza ilus\u00f3ria.\u00c2\u00bb<br \/>\n<i>Independent on Sunday <\/i><br \/>\n\u00c2\u00abMurakami \u00e9 um forjador de mitos para o mil\u00e9nio, dono de uma s\u00e1bia pretens\u00e3o.\u00c2\u00bb<br \/>\n<i>New York Times Book Review<\/i><br \/>\n\u00c2\u00abUma experi\u00eancia dif\u00ed\u00adcil de esquecer.\u00c2\u00bb<br \/>\n<i>El Pa\u00ed\u00ads <\/i><br \/>\n\u00c2\u00abMurakami escreve sobre o Jap\u00e3o dos dias de hoje, sobre a aliena\u00e7\u00e3o urbana, sobre as viagens de autodescoberta. Neste livro, combina recorda\u00e7\u00f5es de guerra com quest\u00f5es metaf\u00ed\u00adsicas, sonhos e alucina\u00e7\u00f5es, numa obra poderosa, de contornos impressionistas.\u00c2\u00bb<br \/>\n<i>Independent<\/i>\n<\/div>\n<\/div>\n<\/div>\n<\/div>\n","protected":false},"excerpt":{"rendered":"<p>Cr\u00f3nica do P\u00e1ssaro de Corda &#8211; de Haruki Murakami Esse livro n\u00e3o foi publicado no Brasil. E (pelo menos at\u00e9 2012) n\u00e3o tinha sa\u00ed\u00addo em ebook. Ent\u00e3o uma amiga querida ia pra Portugal e eu fiz o que n\u00e3o fa\u00e7o nunca: pedi pra ela trazer pra mim. O que, l\u00f3gico, foi um decabeceamento, porque o &hellip; <a href=\"https:\/\/nalua.in\/blog\/cronica-do-passaro\/\" class=\"more-link\">Continuar lendo <span class=\"screen-reader-text\">Cr\u00f3nica do P\u00e1ssaro de Corda<\/span><\/a><\/p>\n","protected":false},"author":1,"featured_media":0,"comment_status":"open","ping_status":"open","sticky":false,"template":"","format":"standard","meta":{"footnotes":""},"categories":[38,42,44],"tags":[],"class_list":["post-2412","post","type-post","status-publish","format-standard","hentry","category-leituras","category-literatura","category-livros"],"_links":{"self":[{"href":"https:\/\/nalua.in\/blog\/wp-json\/wp\/v2\/posts\/2412","targetHints":{"allow":["GET"]}}],"collection":[{"href":"https:\/\/nalua.in\/blog\/wp-json\/wp\/v2\/posts"}],"about":[{"href":"https:\/\/nalua.in\/blog\/wp-json\/wp\/v2\/types\/post"}],"author":[{"embeddable":true,"href":"https:\/\/nalua.in\/blog\/wp-json\/wp\/v2\/users\/1"}],"replies":[{"embeddable":true,"href":"https:\/\/nalua.in\/blog\/wp-json\/wp\/v2\/comments?post=2412"}],"version-history":[{"count":0,"href":"https:\/\/nalua.in\/blog\/wp-json\/wp\/v2\/posts\/2412\/revisions"}],"wp:attachment":[{"href":"https:\/\/nalua.in\/blog\/wp-json\/wp\/v2\/media?parent=2412"}],"wp:term":[{"taxonomy":"category","embeddable":true,"href":"https:\/\/nalua.in\/blog\/wp-json\/wp\/v2\/categories?post=2412"},{"taxonomy":"post_tag","embeddable":true,"href":"https:\/\/nalua.in\/blog\/wp-json\/wp\/v2\/tags?post=2412"}],"curies":[{"name":"wp","href":"https:\/\/api.w.org\/{rel}","templated":true}]}}