{"id":241,"date":"2007-07-19T11:50:46","date_gmt":"2007-07-19T14:50:46","guid":{"rendered":"http:\/\/nalu.in\/241"},"modified":"2007-07-19T11:50:46","modified_gmt":"2007-07-19T14:50:46","slug":"amigos-2","status":"publish","type":"post","link":"https:\/\/nalua.in\/blog\/amigos-2\/","title":{"rendered":"amigos"},"content":{"rendered":"<p><\/p>\n<div style=\"TEXT-ALIGN: center\"><embed src=\"http:\/\/picasaweb.google.com\/s\/c\/bin\/slideshow.swf\" pluginspage=\"http:\/\/www.macromedia.com\/go\/getflashplayer\" height=\"192\" width=\"288\" type=\"application\/x-shockwave-flash\" flashvars=\"host=picasaweb.google.com&amp;RGB=0x000000&amp;feed=http%3A%2F%2Fpicasaweb.google.com%2Fdata%2Ffeed%2Fapi%2Fuser%2Fnalualine%2Falbumid%2F5088887251710746753%3Fkind%3Dphoto%26alt%3Drss\"\/><\/div>\n<div style=\"FONT-SIZE: 9px; TEXT-ALIGN: center\"><em>Fotos dos meus amigos<\/em><\/div>\n<p><\/p>\n<p style=\"TEXT-ALIGN: justify\">Amanh\u00e3 (20\/07) dizem que \u00e9 dia do amigo. Eu tenho alguns bons amigos. Mas andei com problemas nesse setor, deve ser alguma coisa ligada a minha casa astral dos amigos, a casa 11 do meu mapa natal. Nada grave, apenas algumas mudan\u00e7as de rumo, de dire\u00e7\u00e3o, algumas coisas que se perderam pelo rumo natural da vida. Falta e saudade. De todo modo afastar-se de um amigo d\u00f3i. Sempre. Eu acredito que ningu\u00e9m \u00e9 feliz se n\u00e3o tiver amigos. Amigos para mim s\u00e3o como ar pra respirar. Ar puro, de qualidade. Que se faltar ou escassear dificulta tudo. Eu gosto de gente. Gosto de ter amigos. E se esses \u00faltimos tempo afastaram alguns, tamb\u00e9m trouxeram outros, alguns amigos de inf\u00e2ncia. Dani, as meninas do LV, a Dani San. Alguns amigos de contato virtual, mas ainda assim, um contato muito <em>massa<\/em>.<\/p>\n<p style=\"TEXT-ALIGN: justify\">Segue <a href=\"http:\/\/www.flickr.com\/photos\/nalualine\/tags\/amigos\/\" target=\"_blank\" rel=\"noopener\">uma galeria com fotos de alguns dos meus amigos<\/a>. Sem nome, claro. Faltaram alguns amigos queridos, mas dos quais eu n\u00e3o tenho foto. Assim que passar um pouco do dia do amigo eu vou retirar essas fotos. V\u00e3o ficar um pouco a\u00ed\u00ad do lado tamb\u00e9m.<\/p>\n<p><\/p>\n<p style=\"TEXT-ALIGN: justify\">Como eu amo esta frase do <em>Grande Sert\u00e3o: Veredas<\/em>, eu vou recolocar ela aqui pela en\u00e9sima vez, porque ela sempre vai dizer tudo sobre amizade pra mim.<\/p>\n<p><\/p>\n<blockquote><\/blockquote>\n<blockquote>\n<p style=\"TEXT-ALIGN: justify\"><em><span style=\"FONT-SIZE: 10px\"><em>&#8220;Amigo, para mim, \u00e9 isto: \u00e9 a pessoa com quem a gente gosta de conversar, do igual o igual, desarmado. O de que um tira prazer de estar pr\u00f3ximo. S\u00f3 isto, quase; e os todos sacrif\u00ed\u00adcios. Ou &#8211; amigo &#8211; \u00e9 que a gente seja, mas sem precisar de saber o por qu\u00ea \u00e9 que \u00e9&#8221;.<\/em><\/span><\/em><\/p>\n<p style=\"TEXT-ALIGN: center\"><span style=\"FONT-SIZE: 12px\">Guimar\u00e3es Rosa. Grande Sert\u00e3o: Veredas<\/span><\/p>\n<p style=\"TEXT-ALIGN: center\"><span style=\"FONT-SIZE: 12px\">&#8212;&#8212;&#8212;-oOo&#8212;&#8212;&#8212;-<\/span><\/p>\n<\/blockquote>\n<p><strong>Aos meus amigos, que sejam todos muito felizes, eu quero ser cada dia mais uma amiga melhor e com quem voc\u00eas possam contar sempre. Amo todos voc\u00eas. Feliz dia do Amigo.<\/strong><\/p>\n<blockquote><\/blockquote>\n<blockquote>\n<p style=\"TEXT-ALIGN: center\"><span style=\"FONT-SIZE: 12px\">&#8212;&#8212;&#8212;-oOo&#8212;&#8212;&#8212;-<\/span><\/p>\n<\/blockquote>\n<p style=\"TEXT-ALIGN: center\"><a href=\"http:\/\/nalu.in\/audio\/recadoparaumamigosolitario.mp3\" target=\"_blank\" rel=\"noopener\">Ou\u00e7a &#8220;Recado Para Um Amigo Solit\u00e1rio<\/a>&#8220;<\/p>\n<p style=\"TEXT-ALIGN: center\"><a href=\"http:\/\/nalu.in\/cicerodialogosobreamizade.pdf\" target=\"_blank\" rel=\"noopener\">Baixe<\/a> para ler o Di\u00e1logo de C\u00ed\u00adcero sobre a Amizade.<\/p>\n<p style=\"TEXT-ALIGN: center\"><a href=\"http:\/\/nalu.in\/amizade.htm\" target=\"_blank\" rel=\"noopener\">Leia<\/a> um bonito conto da Clarice Lispector sobre a amizade.<\/p>\n","protected":false},"excerpt":{"rendered":"<p>Fotos dos meus amigos Amanh\u00e3 (20\/07) dizem que \u00e9 dia do amigo. Eu tenho alguns bons amigos. Mas andei com problemas nesse setor, deve ser alguma coisa ligada a minha casa astral dos amigos, a casa 11 do meu mapa natal. Nada grave, apenas algumas mudan\u00e7as de rumo, de dire\u00e7\u00e3o, algumas coisas que se perderam &hellip; <a href=\"https:\/\/nalua.in\/blog\/amigos-2\/\" class=\"more-link\">Continuar lendo <span class=\"screen-reader-text\">amigos<\/span><\/a><\/p>\n","protected":false},"author":1,"featured_media":0,"comment_status":"open","ping_status":"open","sticky":false,"template":"","format":"standard","meta":{"footnotes":""},"categories":[9],"tags":[],"class_list":["post-241","post","type-post","status-publish","format-standard","hentry","category-amor"],"_links":{"self":[{"href":"https:\/\/nalua.in\/blog\/wp-json\/wp\/v2\/posts\/241","targetHints":{"allow":["GET"]}}],"collection":[{"href":"https:\/\/nalua.in\/blog\/wp-json\/wp\/v2\/posts"}],"about":[{"href":"https:\/\/nalua.in\/blog\/wp-json\/wp\/v2\/types\/post"}],"author":[{"embeddable":true,"href":"https:\/\/nalua.in\/blog\/wp-json\/wp\/v2\/users\/1"}],"replies":[{"embeddable":true,"href":"https:\/\/nalua.in\/blog\/wp-json\/wp\/v2\/comments?post=241"}],"version-history":[{"count":0,"href":"https:\/\/nalua.in\/blog\/wp-json\/wp\/v2\/posts\/241\/revisions"}],"wp:attachment":[{"href":"https:\/\/nalua.in\/blog\/wp-json\/wp\/v2\/media?parent=241"}],"wp:term":[{"taxonomy":"category","embeddable":true,"href":"https:\/\/nalua.in\/blog\/wp-json\/wp\/v2\/categories?post=241"},{"taxonomy":"post_tag","embeddable":true,"href":"https:\/\/nalua.in\/blog\/wp-json\/wp\/v2\/tags?post=241"}],"curies":[{"name":"wp","href":"https:\/\/api.w.org\/{rel}","templated":true}]}}