{"id":236,"date":"2007-07-06T18:15:46","date_gmt":"2007-07-06T21:15:46","guid":{"rendered":"http:\/\/nalu.in\/236"},"modified":"2007-07-06T18:15:46","modified_gmt":"2007-07-06T21:15:46","slug":"cinco-livros","status":"publish","type":"post","link":"https:\/\/nalua.in\/blog\/cinco-livros\/","title":{"rendered":"cinco livros"},"content":{"rendered":"<p style=\"text-align: center;\"><object style=\"width: 325px; height: 250px;\" width=\"325\" height=\"250\"><param name=\"movie\" value=\"http:\/\/www.youtube.com\/v\/R52iNrFKUSw\" \/><param name=\"wmode\" value=\"transparent\" \/><embed height=\"250\" width=\"325\" wmode=\"transparent\" type=\"application\/x-shockwave-flash\" src=\"http:\/\/www.youtube.com\/v\/R52iNrFKUSw\" \/><\/object><\/p>\n<p style=\"text-align: center;\"><em>&#8220;Come\u00e7a n\u00e3o sendo.<\/em><\/p>\n<p style=\"text-align: center;\"><em>Sendo n\u00e3o<\/em><\/p>\n<p style=\"text-align: center;\"><em>O caos \u00e9 preto<\/em><\/p>\n<p style=\"text-align: center;\"><em>A claridade nasce,<\/em><\/p>\n<p style=\"text-align: center;\"><em>Seu galo despeda\u00e7a o c\u00e9u<\/em><\/p>\n<p style=\"text-align: center;\"><em>Expondo suas cores vaidosas.<\/em><\/p>\n<p style=\"text-align: center;\"><em>Mas o preto se apressa primeiro<\/em><\/p>\n<p style=\"text-align: center;\"><em>Toda luz torna-se abismo,<\/em><\/p>\n<p style=\"text-align: center;\"><em>Em carv\u00e3o, en basalato.<\/em><\/p>\n<p style=\"text-align: center;\"><em>Um t\u00fanel de sangue na mem\u00f3ria<\/em><\/p>\n<p style=\"text-align: center;\"><em>O preto passa para as palavras,<\/em><\/p>\n<p style=\"text-align: center;\"><em>E a tempestado radiosa dos \u00f3dios<\/em><\/p>\n<p style=\"text-align: center;\"><em>(&#8230;)<\/em><\/p>\n<p style=\"text-align: center;\"><em>Sua sombra espera atr\u00e1s de cada luz.&#8221;<\/em><\/p>\n<p style=\"text-align: center;\">J\u00falio Cortazar<\/p>\n<p style=\"text-align: center;\">&#8212;&#8212;&#8212;&#8212;&#8212;&#8212;&#8211;oOo&#8212;&#8212;&#8212;&#8212;&#8212;&#8212;&#8211;<\/p>\n<p><a href=\"http:\/\/escritatorta.em.blog.br\/archives\/199\" target=\"_blank\" rel=\"noopener\">Eu fui convidada pelo meu amor<\/a> para falar sobre os cinco livros que mais me marcaram. E convite de amor \u00e9 sempre (ou quase?) irrecus\u00e1vel. Ent\u00e3o vou listar os cinco livros que mais me marcaram. Talvez na realidade n\u00e3o tenham sido estes os livros que realmente mais me marcaram, mas como estou bastante saturnina estes dias n\u00e3o estou conseguindo lembrar de outros mais marcantes.<br \/>\nN\u00e3o \u00e9 uma lista original, n\u00e3o \u00e9 diferente, muito pelo contr\u00e1rio \u00e9 banal e tudo a ver com o que eu sou, assim banal e <em>in<\/em>diferente. Mas nem vou dizer mais nada que estou num dia ruim. Talvez se eu respondesse essa lista num dia melhor os livros seriam outros. Ou n\u00e3o, vai saber.<br \/>\n&nbsp;<br \/>\n&nbsp;<\/p>\n<table border=\"1\" cellspacing=\"3\" cellpadding=\"3\">\n<tbody>\n<tr>\n<td><strong><a href=\"http:\/\/es.wikipedia.org\/wiki\/Del_amor_y_otros_demonios\" target=\"_blank\" rel=\"noopener\"><br \/>\n<img loading=\"lazy\" decoding=\"async\" class=\"alignleft wp-image-2317\" src=\"http:\/\/nalu.in\/wp-content\/uploads\/2012\/03\/amor-outros-demonios.jpg\" alt=\"amor-outros-demonios\" width=\"101\" height=\"156\" srcset=\"https:\/\/nalua.in\/blog\/wp-content\/uploads\/2012\/03\/amor-outros-demonios.jpg 375w, https:\/\/nalua.in\/blog\/wp-content\/uploads\/2012\/03\/amor-outros-demonios-194x300.jpg 194w\" sizes=\"auto, (max-width: 101px) 100vw, 101px\" \/>Do amor e outros dem\u00f4nios<\/a>\u00c2\u00a0<\/strong>Um livro lindo, tocante que eu j\u00e1 li umas quatro ou cinco vezes. e sempre me espanto. Apesar de saber que n\u00e3o \u00e9 consenso, \u00e9 o livro do Garcia Marquez que eu mais gosto.<\/td>\n<\/tr>\n<\/tbody>\n<\/table>\n<p>&nbsp;<\/p>\n<table border=\"1\" cellspacing=\"3\" cellpadding=\"3\">\n<tbody>\n<tr>\n<td>\n<p style=\"text-align: justify;\"><a href=\"http:\/\/nalu.in\/wp-content\/uploads\/2007\/07\/cotazar.jpg\"><img loading=\"lazy\" decoding=\"async\" class=\"alignright  wp-image-2359\" src=\"http:\/\/nalu.in\/wp-content\/uploads\/2007\/07\/cotazar.jpg\" alt=\"cotazar\" width=\"136\" height=\"210\" srcset=\"https:\/\/nalua.in\/blog\/wp-content\/uploads\/2007\/07\/cotazar.jpg 389w, https:\/\/nalua.in\/blog\/wp-content\/uploads\/2007\/07\/cotazar-195x300.jpg 195w\" sizes=\"auto, (max-width: 136px) 100vw, 136px\" \/><\/a><\/p>\n<p>Esse livro \u00e9 uma coisa de t\u00e3o bom, t\u00e3o divertido e me marcou muito, obviamente. Eu li h\u00e1 muito tempo, muitos s\u00e9culos atr\u00e1s, e me colocou em contato com coisas muito novas pra mim, com um jeito muito diferente de tudo que eu estava acostumada. Voc\u00ea pode ler uns trechos dele <a href=\"http:\/\/www.geocities.com\/SoHo\/Den\/9103\/texto5b.html\" target=\"_blank\" rel=\"noopener\">aqui<\/a>.<\/p>\n<p style=\"text-align: justify;\"><a href=\"http:\/\/www.juliocortazar.com.ar\/\" target=\"_blank\" rel=\"noopener\">Aqui tem um \u00f3timo site sobre J\u00falio Flor\u00eancio Cort\u00e1zar<\/a>.<\/p>\n<\/td>\n<\/tr>\n<\/tbody>\n<\/table>\n<p>&nbsp;<\/p>\n<table border=\"1\" cellspacing=\"3\" cellpadding=\"3\">\n<tbody>\n<tr>\n<td><strong><br \/>\nA paix\u00e3o segundo GH<\/strong><br \/>\nEsse eu n\u00e3o li mas me marcou muito mesmo assim. N\u00e3o perguntem porque, pois eu realmente n\u00e3o sei. Eu poderia citar muitos j\u00e1 que ler \u00e9 o que mais fa\u00e7o na vida (mesmo ap\u00f3s a matenidade). Mas deu vontade de falar de um livro que eu n\u00e3o li.<\/td>\n<\/tr>\n<\/tbody>\n<\/table>\n<table border=\"1\" cellspacing=\"3\" cellpadding=\"3\">\n<tbody>\n<tr>\n<td><a href=\"http:\/\/livros.blog.com\/1671386\/\" target=\"_blank\" rel=\"noopener\"><strong><br \/>\n<a href=\"http:\/\/nalu.in\/wp-content\/uploads\/2007\/03\/mitobeleza.jpg\"><img loading=\"lazy\" decoding=\"async\" class=\"alignright  wp-image-2228\" src=\"http:\/\/nalu.in\/wp-content\/uploads\/2007\/03\/mitobeleza.jpg\" alt=\"mitobeleza\" width=\"140\" height=\"202\" srcset=\"https:\/\/nalua.in\/blog\/wp-content\/uploads\/2007\/03\/mitobeleza.jpg 707w, https:\/\/nalua.in\/blog\/wp-content\/uploads\/2007\/03\/mitobeleza-208x300.jpg 208w\" sizes=\"auto, (max-width: 140px) 100vw, 140px\" \/><\/a>O Mito da Beleza.<\/strong><\/a><br \/>\nPois \u00e9. \u00c9 a terceira vez que este livro me aparece num post e apesar de n\u00e3o ter <em>gostado<\/em> exatamente, esse livro me marcou muito. Queria ter lido h\u00e1 muito tempo atr\u00e1s. Talvez tivesse poupado sofrimento. Talvez n\u00e3o.<\/td>\n<\/tr>\n<\/tbody>\n<\/table>\n<p>&nbsp;<\/p>\n<table border=\"1\" cellspacing=\"3\" cellpadding=\"3\">\n<tbody>\n<tr>\n<td><img loading=\"lazy\" decoding=\"async\" style=\"margin-top: 10px; display: inline; float: left; margin-bottom: 10px; width: 131px; margin-right: 10px; height: 186px; border: #000000 0px solid;\" src=\"http:\/\/www.leituras.blogger.com.br\/incesto.jpg\" alt=\"\" width=\"131\" height=\"186\" \/><a href=\"http:\/\/livros.blog.com\/1724260\/\" target=\"_blank\" rel=\"noopener\"><strong>Incesto.<\/strong><\/a><br \/>\nNem sei porque ele me marcou. Marcou e s\u00f3. eu gosto muito do que a Ana\u00ed\u00afs escreve. Sou f\u00e3 mesmo, e esse \u00e9 muito legal. Quer dizer falar legal sobre um livro desses \u00e9 f@da, mas eu t\u00f4 cinza hoje, desadjetivada.<\/td>\n<\/tr>\n<\/tbody>\n<\/table>\n<p>A id\u00e9ia acho que era pra passar pra frente, mas n\u00e3o vou fazer isso. Fa\u00e7amos o seguinte, quem quiser pode responder, mesmo que seja nos coment\u00e1rios.<br \/>\n&nbsp;<\/p>\n<p style=\"text-align: center;\">&#8212;&#8212;&#8212;&#8212;&#8212;&#8212;&#8211;oOo&#8212;&#8212;&#8212;&#8212;&#8212;&#8212;&#8211;<\/p>\n<p>A pr\u00f3posito: eu amo os livros. Amo apaixonadamente.*<br \/>\n<span style=\"font-size: 10px;\"><em><a href=\"http:\/\/nalu.podomatic.com\/enclosure\/2007-07-06T14_12_30-07_00.mp3\" target=\"_blank\" rel=\"enclosure noopener\"><span style=\"font-size: 10px;\"><em>*Mas ainda prefiro uma mensagem de amor.<\/em><\/span><\/a><\/em><\/span><\/p>\n","protected":false},"excerpt":{"rendered":"<p>&#8220;Come\u00e7a n\u00e3o sendo. Sendo n\u00e3o O caos \u00e9 preto A claridade nasce, Seu galo despeda\u00e7a o c\u00e9u Expondo suas cores vaidosas. Mas o preto se apressa primeiro Toda luz torna-se abismo, Em carv\u00e3o, en basalato. Um t\u00fanel de sangue na mem\u00f3ria O preto passa para as palavras, E a tempestado radiosa dos \u00f3dios (&#8230;) Sua &hellip; <a href=\"https:\/\/nalua.in\/blog\/cinco-livros\/\" class=\"more-link\">Continuar lendo <span class=\"screen-reader-text\">cinco livros<\/span><\/a><\/p>\n","protected":false},"author":1,"featured_media":0,"comment_status":"open","ping_status":"open","sticky":false,"template":"","format":"standard","meta":{"footnotes":""},"categories":[38],"tags":[],"class_list":["post-236","post","type-post","status-publish","format-standard","hentry","category-leituras"],"_links":{"self":[{"href":"https:\/\/nalua.in\/blog\/wp-json\/wp\/v2\/posts\/236","targetHints":{"allow":["GET"]}}],"collection":[{"href":"https:\/\/nalua.in\/blog\/wp-json\/wp\/v2\/posts"}],"about":[{"href":"https:\/\/nalua.in\/blog\/wp-json\/wp\/v2\/types\/post"}],"author":[{"embeddable":true,"href":"https:\/\/nalua.in\/blog\/wp-json\/wp\/v2\/users\/1"}],"replies":[{"embeddable":true,"href":"https:\/\/nalua.in\/blog\/wp-json\/wp\/v2\/comments?post=236"}],"version-history":[{"count":0,"href":"https:\/\/nalua.in\/blog\/wp-json\/wp\/v2\/posts\/236\/revisions"}],"wp:attachment":[{"href":"https:\/\/nalua.in\/blog\/wp-json\/wp\/v2\/media?parent=236"}],"wp:term":[{"taxonomy":"category","embeddable":true,"href":"https:\/\/nalua.in\/blog\/wp-json\/wp\/v2\/categories?post=236"},{"taxonomy":"post_tag","embeddable":true,"href":"https:\/\/nalua.in\/blog\/wp-json\/wp\/v2\/tags?post=236"}],"curies":[{"name":"wp","href":"https:\/\/api.w.org\/{rel}","templated":true}]}}