{"id":228,"date":"2007-06-18T12:03:06","date_gmt":"2007-06-18T15:03:06","guid":{"rendered":"http:\/\/nalu.in\/228"},"modified":"2007-06-18T12:03:06","modified_gmt":"2007-06-18T15:03:06","slug":"caminante-no-hay-camino","status":"publish","type":"post","link":"https:\/\/nalua.in\/blog\/caminante-no-hay-camino\/","title":{"rendered":"caminante, no hay camino"},"content":{"rendered":"<p style=\"text-align: center;\"><img loading=\"lazy\" decoding=\"async\" style=\"display: inline; width: 300px; height: 225px;\" src=\"http:\/\/www.figurasnalu.blogger.com.br\/Dsc04112.jpg\" alt=\"\" width=\"300\" height=\"225\" \/><\/p>\n<p style=\"text-align: center;\"><strong><span style=\"font-size: 20px;\"><strong>Cantares<\/strong><\/span><\/strong><\/p>\n<p style=\"text-align: center;\"><span style=\"font-size: 10px;\">Ant\u00f4nio Machado<\/span><\/p>\n<p><audio class=\"wp-audio-shortcode\" id=\"audio-228-1\" preload=\"none\" style=\"width: 100%;\" controls=\"controls\"><source type=\"audio\/mpeg\" src=\"http:\/\/nalu.in\/wp-content\/uploads\/2007\/06\/cantares1.mp3?_=1\" \/><a href=\"http:\/\/nalu.in\/wp-content\/uploads\/2007\/06\/cantares1.mp3\">http:\/\/nalu.in\/wp-content\/uploads\/2007\/06\/cantares1.mp3<\/a><\/audio><br \/>\n&nbsp;<\/p>\n<p style=\"text-align: center;\"><em>Todo pasa y todo queda,<br \/>\npero lo nuestro es pasar,<br \/>\npasar haciendo caminos,<br \/>\ncaminos sobre el mar.<\/em><\/p>\n<p style=\"text-align: center;\"><em>Nunca persequ\u00ed\u00ad la gloria,<br \/>\nni dejar en la memoria<br \/>\nde los hombres mi canci\u00f3n;<br \/>\nyo amo los mundos sutiles,<br \/>\ningr\u00e1vidos y gentiles,<br \/>\ncomo pompas de jab\u00f3n.<\/em><\/p>\n<p style=\"text-align: center;\"><em>Me gusta verlos pintarse<br \/>\nde sol y grana, volar<br \/>\nbajo el cielo azul, temblar<br \/>\ns\u00fabitamente y quebrarse&#8230;<\/em><br \/>\n<em>Nunca persegu\u00ed\u00ad la gloria.<\/em><\/p>\n<p style=\"text-align: center;\"><strong><em><span style=\"font-size: 16px;\"><strong><em>Caminante, son tus huellas<br \/>\nel camino y nada m\u00e1s;<br \/>\ncaminante, no hay camino,<br \/>\nse hace camino al andar.<\/em><\/strong><\/span><\/em><\/strong><\/p>\n<p style=\"text-align: center;\"><em>Al andar se hace camino<br \/>\ny al volver la vista atr\u00e1s<br \/>\nse ve la senda que nunca<br \/>\nse ha de volver a pisar.<\/em><\/p>\n<p style=\"text-align: center;\"><em>Caminante no hay camino<br \/>\nsino estelas en la mar&#8230;<\/em><\/p>\n<p style=\"text-align: center;\"><em>Hace alg\u00fan tiempo en ese lugar<br \/>\ndonde hoy los bosques se visten de espinos<br \/>\nse oy\u00f3 la voz de un poeta gritar<br \/>\n&#8220;Caminante no hay camino,<br \/>\nse hace camino al andar&#8230;&#8221;<\/em><\/p>\n<p style=\"text-align: center;\"><em>Golpe a golpe, verso a verso&#8230;<\/em><\/p>\n<p style=\"text-align: center;\"><em>Muri\u00f3 el poeta lejos del hogar.<br \/>\nLe cubre el polvo de un pa\u00ed\u00ads vecino.<br \/>\nAl alejarse le vieron llorar.<br \/>\n&#8220;Caminante no hay camino,<br \/>\nse hace camino al andar&#8230;&#8221;<\/em><\/p>\n<p style=\"text-align: center;\"><em>Golpe a golpe, verso a verso&#8230;<\/em><\/p>\n<p style=\"text-align: center;\"><em>Cuando el jilguero no puede cantar.<br \/>\nCuando el poeta es un peregrino,<br \/>\ncuando de nada nos sirve rezar.<br \/>\n&#8220;Caminante no hay camino,<br \/>\nse hace camino al andar&#8230;&#8221;<\/em><\/p>\n<p style=\"text-align: center;\"><em>Golpe a golpe, verso a verso.<\/em><\/p>\n<p style=\"text-align: center;\">&#8212;&#8212;&#8212;&#8212;&#8212;&#8212;&#8211;oOo&#8212;&#8212;&#8212;&#8212;&#8212;&#8212;&#8211;<\/p>\n<p style=\"text-align: center;\">Eu amei profundamente esse poema, a m\u00fasica n\u00e3o paro de ouvir&#8230;Me d\u00e1 uma vontade de chorar. Mas chorar de alegria. H\u00e1 muito tempo eu n\u00e3o sentia isso.<\/p>\n<p style=\"text-align: center;\">&#8212;&#8212;&#8212;&#8212;&#8212;&#8212;&#8211;oOo&#8212;&#8212;&#8212;&#8212;&#8212;&#8212;&#8211;<\/p>\n<p style=\"text-align: center;\">Segue <a title=\"Ant\u00f4nio Machado\" href=\"http:\/\/www.los-poetas.com\/a\/mach.htm\" target=\"_blank\" rel=\"noopener\">um link<\/a> para saber sobre o poeta<\/p>\n<p>&nbsp;<\/p>\n<p style=\"text-align: center;\"><span style=\"font-size: 12px;\"><a href=\"http:\/\/nalu.in\/audio\/caminantenohaycamino.mp3\" target=\"_blank\" rel=\"noopener\">Ou\u00e7a o poema&#8230;<\/a><\/span><\/p>\n","protected":false},"excerpt":{"rendered":"<p>Cantares Ant\u00f4nio Machado &nbsp; Todo pasa y todo queda, pero lo nuestro es pasar, pasar haciendo caminos, caminos sobre el mar. Nunca persequ\u00ed\u00ad la gloria, ni dejar en la memoria de los hombres mi canci\u00f3n; yo amo los mundos sutiles, ingr\u00e1vidos y gentiles, como pompas de jab\u00f3n. Me gusta verlos pintarse de sol y grana, &hellip; <a href=\"https:\/\/nalua.in\/blog\/caminante-no-hay-camino\/\" class=\"more-link\">Continuar lendo <span class=\"screen-reader-text\">caminante, no hay camino<\/span><\/a><\/p>\n","protected":false},"author":1,"featured_media":0,"comment_status":"open","ping_status":"open","sticky":false,"template":"","format":"standard","meta":{"footnotes":""},"categories":[67],"tags":[],"class_list":["post-228","post","type-post","status-publish","format-standard","hentry","category-poesia"],"_links":{"self":[{"href":"https:\/\/nalua.in\/blog\/wp-json\/wp\/v2\/posts\/228","targetHints":{"allow":["GET"]}}],"collection":[{"href":"https:\/\/nalua.in\/blog\/wp-json\/wp\/v2\/posts"}],"about":[{"href":"https:\/\/nalua.in\/blog\/wp-json\/wp\/v2\/types\/post"}],"author":[{"embeddable":true,"href":"https:\/\/nalua.in\/blog\/wp-json\/wp\/v2\/users\/1"}],"replies":[{"embeddable":true,"href":"https:\/\/nalua.in\/blog\/wp-json\/wp\/v2\/comments?post=228"}],"version-history":[{"count":0,"href":"https:\/\/nalua.in\/blog\/wp-json\/wp\/v2\/posts\/228\/revisions"}],"wp:attachment":[{"href":"https:\/\/nalua.in\/blog\/wp-json\/wp\/v2\/media?parent=228"}],"wp:term":[{"taxonomy":"category","embeddable":true,"href":"https:\/\/nalua.in\/blog\/wp-json\/wp\/v2\/categories?post=228"},{"taxonomy":"post_tag","embeddable":true,"href":"https:\/\/nalua.in\/blog\/wp-json\/wp\/v2\/tags?post=228"}],"curies":[{"name":"wp","href":"https:\/\/api.w.org\/{rel}","templated":true}]}}