{"id":2167,"date":"2013-04-29T09:13:51","date_gmt":"2013-04-29T14:13:51","guid":{"rendered":"http:\/\/nalua.com.br\/?p=210"},"modified":"2013-04-29T09:13:51","modified_gmt":"2013-04-29T14:13:51","slug":"20","status":"publish","type":"post","link":"https:\/\/nalua.in\/blog\/20\/","title":{"rendered":"20"},"content":{"rendered":"<p><img loading=\"lazy\" decoding=\"async\" class=\"alignleft  wp-image-211\" src=\"http:\/\/nalu.files.wordpress.com\/2013\/04\/3531_559413084083049_1360532501_n.jpg\" alt=\"3531_559413084083049_1360532501_n\" width=\"180\" height=\"255\" \/><\/p>\n<p style=\"text-align: justify;\">Come\u00e7a hoje um novo projeto de vida. N\u00e3o imaginei que eu pudesse recome\u00e7ar com 41 anos. Mas \u00e9 isso que vou fazer. Tentar fazer. Ser\u00e3o 4 anos, no m\u00ed\u00adnimo de prepara\u00e7\u00e3o, que vai ser de lascar! Acho que pela primeira vez eu vejo uma luz no fim do t\u00fanel em rela\u00e7\u00e3o \u00ed\u00a0 minha vida profissional.<\/p>\n<p style=\"text-align: justify;\">E a fluoxetina segue sendo bem ruim pra meu DDA. Me desconcentra. Eu n\u00e3o vou conseguir me dedicar assim, com essa cabe\u00e7a t\u00e3o distra\u00ed\u00adda. Mas isso vejo em seguida.<\/p>\n","protected":false},"excerpt":{"rendered":"<p>Come\u00e7a hoje um novo projeto de vida. N\u00e3o imaginei que eu pudesse recome\u00e7ar com 41 anos. Mas \u00e9 isso que vou fazer. Tentar fazer. Ser\u00e3o 4 anos, no m\u00ed\u00adnimo de prepara\u00e7\u00e3o, que vai ser de lascar! Acho que pela primeira vez eu vejo uma luz no fim do t\u00fanel em rela\u00e7\u00e3o \u00ed\u00a0 minha vida profissional. &hellip; <a href=\"https:\/\/nalua.in\/blog\/20\/\" class=\"more-link\">Continuar lendo <span class=\"screen-reader-text\">20<\/span><\/a><\/p>\n","protected":false},"author":1,"featured_media":0,"comment_status":"open","ping_status":"open","sticky":false,"template":"","format":"standard","meta":{"footnotes":""},"categories":[71,86],"tags":[],"class_list":["post-2167","post","type-post","status-publish","format-standard","hentry","category-projeto-2017","category-me-myself-an-i"],"_links":{"self":[{"href":"https:\/\/nalua.in\/blog\/wp-json\/wp\/v2\/posts\/2167","targetHints":{"allow":["GET"]}}],"collection":[{"href":"https:\/\/nalua.in\/blog\/wp-json\/wp\/v2\/posts"}],"about":[{"href":"https:\/\/nalua.in\/blog\/wp-json\/wp\/v2\/types\/post"}],"author":[{"embeddable":true,"href":"https:\/\/nalua.in\/blog\/wp-json\/wp\/v2\/users\/1"}],"replies":[{"embeddable":true,"href":"https:\/\/nalua.in\/blog\/wp-json\/wp\/v2\/comments?post=2167"}],"version-history":[{"count":0,"href":"https:\/\/nalua.in\/blog\/wp-json\/wp\/v2\/posts\/2167\/revisions"}],"wp:attachment":[{"href":"https:\/\/nalua.in\/blog\/wp-json\/wp\/v2\/media?parent=2167"}],"wp:term":[{"taxonomy":"category","embeddable":true,"href":"https:\/\/nalua.in\/blog\/wp-json\/wp\/v2\/categories?post=2167"},{"taxonomy":"post_tag","embeddable":true,"href":"https:\/\/nalua.in\/blog\/wp-json\/wp\/v2\/tags?post=2167"}],"curies":[{"name":"wp","href":"https:\/\/api.w.org\/{rel}","templated":true}]}}